{"id":7647,"date":"2025-05-15T10:25:19","date_gmt":"2025-05-15T10:25:19","guid":{"rendered":"https:\/\/www.garten-schlueter.de\/blog\/?p=7647"},"modified":"2025-05-19T13:08:27","modified_gmt":"2025-05-19T13:08:27","slug":"obstbaeume-fuer-kleine-gaerten","status":"publish","type":"post","link":"https:\/\/www.garten-schlueter.de\/blog\/obstbaeume-fuer-kleine-gaerten\/","title":{"rendered":"Kleine Obstb\u00e4ume f\u00fcr kleine G\u00e4rten: Sorten, Pflanzung und Pflege"},"content":{"rendered":"\t\t<div data-elementor-type=\"wp-post\" data-elementor-id=\"7647\" class=\"elementor elementor-7647\" data-elementor-post-type=\"post\">\n\t\t\t\t<div class=\"elementor-element elementor-element-43aa59d e-flex e-con-boxed e-con e-parent\" data-id=\"43aa59d\" data-element_type=\"container\" data-e-type=\"container\">\n\t\t\t\t\t<div class=\"e-con-inner\">\n\t\t\t\t<div class=\"elementor-element elementor-element-578963c elementor-widget elementor-widget-heading\" data-id=\"578963c\" data-element_type=\"widget\" data-e-type=\"widget\" data-widget_type=\"heading.default\">\n\t\t\t\t<div class=\"elementor-widget-container\">\n\t\t\t\t\t<h1 class=\"elementor-heading-title elementor-size-default\">Kleine Obstb\u00e4ume f\u00fcr kleine G\u00e4rten: Sorten, Pflanzung und Pflege<\/h1>\t\t\t\t<\/div>\n\t\t\t\t<\/div>\n\t\t\t\t<div class=\"elementor-element elementor-element-0706503 elementor-widget elementor-widget-text-editor\" data-id=\"0706503\" data-element_type=\"widget\" data-e-type=\"widget\" data-widget_type=\"text-editor.default\">\n\t\t\t\t<div class=\"elementor-widget-container\">\n\t\t\t\t\t\t\t\t\t<p data-pm-slice=\"1 1 []\">Ein kleiner Garten muss nicht auf Fr\u00fcchte verzichten. Mit kleinw\u00fcchsigen Obstb\u00e4umen erntest Du \u00e4pfel, Birnen &amp; Co. auch auf engem Raum.<\/p>\t\t\t\t\t\t\t\t<\/div>\n\t\t\t\t<\/div>\n\t\t\t\t\t<\/div>\n\t\t\t\t<\/div>\n\t\t<div class=\"elementor-element elementor-element-b2c8df1 e-flex e-con-boxed e-con e-parent\" data-id=\"b2c8df1\" data-element_type=\"container\" data-e-type=\"container\" data-settings=\"{&quot;background_background&quot;:&quot;classic&quot;}\">\n\t\t\t\t\t<div class=\"e-con-inner\">\n\t\t\t\t<div class=\"elementor-element elementor-element-7329433 elementor-widget elementor-widget-image\" data-id=\"7329433\" data-element_type=\"widget\" data-e-type=\"widget\" data-widget_type=\"image.default\">\n\t\t\t\t<div class=\"elementor-widget-container\">\n\t\t\t\t\t\t\t\t\t\t\t\t\t\t\t<img decoding=\"async\" src=\"https:\/\/www.garten-schlueter.de\/blog\/wp-content\/uploads\/elementor\/thumbs\/obst_header-r5u9vr9s0ugevykkhbxspvt8pdyock15oiwjaw3kgo.jpg\" title=\"Blog_Header_750x750\" alt=\"H\u00e4nde halten Nektarinen\" loading=\"lazy\" \/>\t\t\t\t\t\t\t\t\t\t\t\t\t\t\t<\/div>\n\t\t\t\t<\/div>\n\t\t<div class=\"elementor-element elementor-element-c6faafd e-con-full e-flex e-con e-child\" data-id=\"c6faafd\" data-element_type=\"container\" data-e-type=\"container\">\n\t\t\t\t<div class=\"elementor-element elementor-element-287de26 elementor-widget elementor-widget-text-editor\" data-id=\"287de26\" data-element_type=\"widget\" data-e-type=\"widget\" data-widget_type=\"text-editor.default\">\n\t\t\t\t<div class=\"elementor-widget-container\">\n\t\t\t\t\t\t\t\t\t<p data-pm-slice=\"1 1 []\">Ein kleiner Garten bedeutet nicht, keine Obstb\u00e4ume pflanzen zu k\u00f6nnen. <strong>Kleinw\u00fcchsige Obstb\u00e4ume<\/strong> bieten eine platzsparende, pflegeleichte und dennoch ertragreiche L\u00f6sung f\u00fcr begrenzte Fl\u00e4chen. Sie eignen sich f\u00fcr <strong>Hausg\u00e4rten, Vorg\u00e4rten und sogar f\u00fcr Balkone<\/strong> und Terrassen.<\/p>\t\t\t\t\t\t\t\t<\/div>\n\t\t\t\t<\/div>\n\t\t\t\t<div class=\"elementor-element elementor-element-aeb0f3a elementor-widget__width-initial elementor-widget elementor-widget-heading\" data-id=\"aeb0f3a\" data-element_type=\"widget\" data-e-type=\"widget\" data-widget_type=\"heading.default\">\n\t\t\t\t<div class=\"elementor-widget-container\">\n\t\t\t\t\t<h2 class=\"elementor-heading-title elementor-size-default\">Was zeichnet kleine Obstb\u00e4ume aus?<\/h2>\t\t\t\t<\/div>\n\t\t\t\t<\/div>\n\t\t\t\t<div class=\"elementor-element elementor-element-d788c3c elementor-widget elementor-widget-text-editor\" data-id=\"d788c3c\" data-element_type=\"widget\" data-e-type=\"widget\" data-widget_type=\"text-editor.default\">\n\t\t\t\t<div class=\"elementor-widget-container\">\n\t\t\t\t\t\t\t\t\t<p data-pm-slice=\"1 1 []\">Kleinw\u00fcchsigkeit entsteht durch <strong>Z\u00fcchtung oder schwachw\u00fcchsige Unterlagen<\/strong>. Dadurch wachsen die B\u00e4ume langsamer, haben <strong>niedrige Stammh\u00f6hen<\/strong> und <strong>kompakte Kronenformen<\/strong>. Erste Fr\u00fcchte k\u00f6nnen oft bereits im <strong>zweiten Jahr<\/strong> nach der Pflanzung geerntet werden. Ihre Lebenserwartung liegt bei etwa <strong>15 bis 25 Jahren<\/strong>.<\/p>\t\t\t\t\t\t\t\t<\/div>\n\t\t\t\t<\/div>\n\t\t\t\t<div class=\"elementor-element elementor-element-d98bdd6 elementor-widget elementor-widget-text-editor\" data-id=\"d98bdd6\" data-element_type=\"widget\" data-e-type=\"widget\" data-widget_type=\"text-editor.default\">\n\t\t\t\t<div class=\"elementor-widget-container\">\n\t\t\t\t\t\t\t\t\t<p data-pm-slice=\"1 1 []\"><strong>Vorteile auf einen Blick:<\/strong><\/p>\t\t\t\t\t\t\t\t<\/div>\n\t\t\t\t<\/div>\n\t\t\t\t<div class=\"elementor-element elementor-element-0992cb3 elementor-widget__width-inherit elementor-icon-list--layout-traditional elementor-list-item-link-full_width elementor-widget elementor-widget-icon-list\" data-id=\"0992cb3\" data-element_type=\"widget\" data-e-type=\"widget\" data-widget_type=\"icon-list.default\">\n\t\t\t\t<div class=\"elementor-widget-container\">\n\t\t\t\t\t\t\t<ul class=\"elementor-icon-list-items\">\n\t\t\t\t\t\t\t<li class=\"elementor-icon-list-item\">\n\t\t\t\t\t\t\t\t\t\t\t<span class=\"elementor-icon-list-icon\">\n\t\t\t\t\t\t\t<svg aria-hidden=\"true\" class=\"e-font-icon-svg e-fas-leaf\" viewBox=\"0 0 576 512\" xmlns=\"http:\/\/www.w3.org\/2000\/svg\"><path d=\"M546.2 9.7c-5.6-12.5-21.6-13-28.3-1.2C486.9 62.4 431.4 96 368 96h-80C182 96 96 182 96 288c0 7 .8 13.7 1.5 20.5C161.3 262.8 253.4 224 384 224c8.8 0 16 7.2 16 16s-7.2 16-16 16C132.6 256 26 410.1 2.4 468c-6.6 16.3 1.2 34.9 17.5 41.6 16.4 6.8 35-1.1 41.8-17.3 1.5-3.6 20.9-47.9 71.9-90.6 32.4 43.9 94 85.8 174.9 77.2C465.5 467.5 576 326.7 576 154.3c0-50.2-10.8-102.2-29.8-144.6z\"><\/path><\/svg>\t\t\t\t\t\t<\/span>\n\t\t\t\t\t\t\t\t\t\t<span class=\"elementor-icon-list-text\">Geringer Platzbedarf<\/span>\n\t\t\t\t\t\t\t\t\t<\/li>\n\t\t\t\t\t\t\t\t<li class=\"elementor-icon-list-item\">\n\t\t\t\t\t\t\t\t\t\t\t<span class=\"elementor-icon-list-icon\">\n\t\t\t\t\t\t\t<svg aria-hidden=\"true\" class=\"e-font-icon-svg e-fas-leaf\" viewBox=\"0 0 576 512\" xmlns=\"http:\/\/www.w3.org\/2000\/svg\"><path d=\"M546.2 9.7c-5.6-12.5-21.6-13-28.3-1.2C486.9 62.4 431.4 96 368 96h-80C182 96 96 182 96 288c0 7 .8 13.7 1.5 20.5C161.3 262.8 253.4 224 384 224c8.8 0 16 7.2 16 16s-7.2 16-16 16C132.6 256 26 410.1 2.4 468c-6.6 16.3 1.2 34.9 17.5 41.6 16.4 6.8 35-1.1 41.8-17.3 1.5-3.6 20.9-47.9 71.9-90.6 32.4 43.9 94 85.8 174.9 77.2C465.5 467.5 576 326.7 576 154.3c0-50.2-10.8-102.2-29.8-144.6z\"><\/path><\/svg>\t\t\t\t\t\t<\/span>\n\t\t\t\t\t\t\t\t\t\t<span class=\"elementor-icon-list-text\">Einfache Ernte ohne Leiter<\/span>\n\t\t\t\t\t\t\t\t\t<\/li>\n\t\t\t\t\t\t\t\t<li class=\"elementor-icon-list-item\">\n\t\t\t\t\t\t\t\t\t\t\t<span class=\"elementor-icon-list-icon\">\n\t\t\t\t\t\t\t<svg aria-hidden=\"true\" class=\"e-font-icon-svg e-fas-leaf\" viewBox=\"0 0 576 512\" xmlns=\"http:\/\/www.w3.org\/2000\/svg\"><path d=\"M546.2 9.7c-5.6-12.5-21.6-13-28.3-1.2C486.9 62.4 431.4 96 368 96h-80C182 96 96 182 96 288c0 7 .8 13.7 1.5 20.5C161.3 262.8 253.4 224 384 224c8.8 0 16 7.2 16 16s-7.2 16-16 16C132.6 256 26 410.1 2.4 468c-6.6 16.3 1.2 34.9 17.5 41.6 16.4 6.8 35-1.1 41.8-17.3 1.5-3.6 20.9-47.9 71.9-90.6 32.4 43.9 94 85.8 174.9 77.2C465.5 467.5 576 326.7 576 154.3c0-50.2-10.8-102.2-29.8-144.6z\"><\/path><\/svg>\t\t\t\t\t\t<\/span>\n\t\t\t\t\t\t\t\t\t\t<span class=\"elementor-icon-list-text\">Kaum Schnittarbeiten, besonders bei S\u00e4ulenformen<\/span>\n\t\t\t\t\t\t\t\t\t<\/li>\n\t\t\t\t\t\t\t\t<li class=\"elementor-icon-list-item\">\n\t\t\t\t\t\t\t\t\t\t\t<span class=\"elementor-icon-list-icon\">\n\t\t\t\t\t\t\t<svg aria-hidden=\"true\" class=\"e-font-icon-svg e-fas-leaf\" viewBox=\"0 0 576 512\" xmlns=\"http:\/\/www.w3.org\/2000\/svg\"><path d=\"M546.2 9.7c-5.6-12.5-21.6-13-28.3-1.2C486.9 62.4 431.4 96 368 96h-80C182 96 96 182 96 288c0 7 .8 13.7 1.5 20.5C161.3 262.8 253.4 224 384 224c8.8 0 16 7.2 16 16s-7.2 16-16 16C132.6 256 26 410.1 2.4 468c-6.6 16.3 1.2 34.9 17.5 41.6 16.4 6.8 35-1.1 41.8-17.3 1.5-3.6 20.9-47.9 71.9-90.6 32.4 43.9 94 85.8 174.9 77.2C465.5 467.5 576 326.7 576 154.3c0-50.2-10.8-102.2-29.8-144.6z\"><\/path><\/svg>\t\t\t\t\t\t<\/span>\n\t\t\t\t\t\t\t\t\t\t<span class=\"elementor-icon-list-text\">Vielfalt auf kleinem Raum<\/span>\n\t\t\t\t\t\t\t\t\t<\/li>\n\t\t\t\t\t\t\t\t<li class=\"elementor-icon-list-item\">\n\t\t\t\t\t\t\t\t\t\t\t<span class=\"elementor-icon-list-icon\">\n\t\t\t\t\t\t\t<svg aria-hidden=\"true\" class=\"e-font-icon-svg e-fas-leaf\" viewBox=\"0 0 576 512\" xmlns=\"http:\/\/www.w3.org\/2000\/svg\"><path d=\"M546.2 9.7c-5.6-12.5-21.6-13-28.3-1.2C486.9 62.4 431.4 96 368 96h-80C182 96 96 182 96 288c0 7 .8 13.7 1.5 20.5C161.3 262.8 253.4 224 384 224c8.8 0 16 7.2 16 16s-7.2 16-16 16C132.6 256 26 410.1 2.4 468c-6.6 16.3 1.2 34.9 17.5 41.6 16.4 6.8 35-1.1 41.8-17.3 1.5-3.6 20.9-47.9 71.9-90.6 32.4 43.9 94 85.8 174.9 77.2C465.5 467.5 576 326.7 576 154.3c0-50.2-10.8-102.2-29.8-144.6z\"><\/path><\/svg>\t\t\t\t\t\t<\/span>\n\t\t\t\t\t\t\t\t\t\t<span class=\"elementor-icon-list-text\">Gute Kombinierbarkeit mit anderen Pflanzen<\/span>\n\t\t\t\t\t\t\t\t\t<\/li>\n\t\t\t\t\t\t<\/ul>\n\t\t\t\t\t\t<\/div>\n\t\t\t\t<\/div>\n\t\t\t\t<div class=\"elementor-element elementor-element-6adbce6 elementor-widget__width-initial elementor-widget elementor-widget-heading\" data-id=\"6adbce6\" data-element_type=\"widget\" data-e-type=\"widget\" data-widget_type=\"heading.default\">\n\t\t\t\t<div class=\"elementor-widget-container\">\n\t\t\t\t\t<h2 class=\"elementor-heading-title elementor-size-default\">Erziehungsformen: S\u00e4ule, Spindel und Spalier<\/h2>\t\t\t\t<\/div>\n\t\t\t\t<\/div>\n\t\t\t\t<div class=\"elementor-element elementor-element-32e23c7 elementor-widget elementor-widget-image\" data-id=\"32e23c7\" data-element_type=\"widget\" data-e-type=\"widget\" data-widget_type=\"image.default\">\n\t\t\t\t<div class=\"elementor-widget-container\">\n\t\t\t\t\t\t\t\t\t\t\t\t<figure class=\"wp-caption\">\n\t\t\t\t\t\t\t\t\t\t<img fetchpriority=\"high\" decoding=\"async\" width=\"750\" height=\"500\" src=\"https:\/\/www.garten-schlueter.de\/blog\/wp-content\/uploads\/obst_2.jpg\" class=\"attachment-large size-large wp-image-7653\" alt=\"S\u00e4ulen-S\u00fc\u00dfkirsche &#039;Victoria&#039;\" srcset=\"https:\/\/www.garten-schlueter.de\/blog\/wp-content\/uploads\/obst_2.jpg 750w, https:\/\/www.garten-schlueter.de\/blog\/wp-content\/uploads\/obst_2-300x200.jpg 300w\" sizes=\"(max-width: 750px) 100vw, 750px\" \/>\t\t\t\t\t\t\t\t\t\t\t<figcaption class=\"widget-image-caption wp-caption-text\"><p>     S\u00e4ulen-S\u00fc\u00dfkirsche <a target=\"_blank\" rel=\"noopener noreferrer\" href=\"https:\/\/www.garten-schlueter.de\/saeulen-suesskirsche-victoria\/68584\">'Victoria'<\/a> <\/p><\/figcaption>\n\t\t\t\t\t\t\t\t\t\t<\/figure>\n\t\t\t\t\t\t\t\t\t<\/div>\n\t\t\t\t<\/div>\n\t\t\t\t<div class=\"elementor-element elementor-element-7d73c85 elementor-widget elementor-widget-text-editor\" data-id=\"7d73c85\" data-element_type=\"widget\" data-e-type=\"widget\" data-widget_type=\"text-editor.default\">\n\t\t\t\t<div class=\"elementor-widget-container\">\n\t\t\t\t\t\t\t\t\t<p data-pm-slice=\"1 1 []\">Besonders beliebt sind <a href=\"https:\/\/www.garten-schlueter.de\/obst\/saeulenobst\/\">S\u00e4ulenobstb\u00e4ume<\/a>, da sie fast keinen Schnitt erfordern und sehr <strong>platzsparend<\/strong> sind. Alternativen sind <strong>Spindelb\u00e4ume<\/strong> mit lockerer Krone oder <strong>Spalierobst<\/strong>, das an Ger\u00fcsten gezogen wird und sich sogar als lebendige Hecke eignet.<\/p>\t\t\t\t\t\t\t\t<\/div>\n\t\t\t\t<\/div>\n\t\t\t\t<div class=\"elementor-element elementor-element-49e3cb7 elementor-widget__width-initial elementor-widget elementor-widget-heading\" data-id=\"49e3cb7\" data-element_type=\"widget\" data-e-type=\"widget\" data-widget_type=\"heading.default\">\n\t\t\t\t<div class=\"elementor-widget-container\">\n\t\t\t\t\t<h2 class=\"elementor-heading-title elementor-size-default\">Geeignete Obstsorten f\u00fcr kleine B\u00e4ume<\/h2>\t\t\t\t<\/div>\n\t\t\t\t<\/div>\n\t\t\t\t<div class=\"elementor-element elementor-element-da8879e elementor-widget elementor-widget-text-editor\" data-id=\"da8879e\" data-element_type=\"widget\" data-e-type=\"widget\" data-widget_type=\"text-editor.default\">\n\t\t\t\t<div class=\"elementor-widget-container\">\n\t\t\t\t\t\t\t\t\t<p data-pm-slice=\"1 1 []\">Fast alle Obstarten lassen sich als kleinw\u00fcchsige Variante ziehen. Besonders geeignet sind:<\/p>\t\t\t\t\t\t\t\t<\/div>\n\t\t\t\t<\/div>\n\t\t\t\t<div class=\"elementor-element elementor-element-6d69ec9 elementor-widget__width-inherit elementor-icon-list--layout-traditional elementor-list-item-link-full_width elementor-widget elementor-widget-icon-list\" data-id=\"6d69ec9\" data-element_type=\"widget\" data-e-type=\"widget\" data-widget_type=\"icon-list.default\">\n\t\t\t\t<div class=\"elementor-widget-container\">\n\t\t\t\t\t\t\t<ul class=\"elementor-icon-list-items\">\n\t\t\t\t\t\t\t<li class=\"elementor-icon-list-item\">\n\t\t\t\t\t\t\t\t\t\t\t<span class=\"elementor-icon-list-icon\">\n\t\t\t\t\t\t\t<svg aria-hidden=\"true\" class=\"e-font-icon-svg e-fas-leaf\" viewBox=\"0 0 576 512\" xmlns=\"http:\/\/www.w3.org\/2000\/svg\"><path d=\"M546.2 9.7c-5.6-12.5-21.6-13-28.3-1.2C486.9 62.4 431.4 96 368 96h-80C182 96 96 182 96 288c0 7 .8 13.7 1.5 20.5C161.3 262.8 253.4 224 384 224c8.8 0 16 7.2 16 16s-7.2 16-16 16C132.6 256 26 410.1 2.4 468c-6.6 16.3 1.2 34.9 17.5 41.6 16.4 6.8 35-1.1 41.8-17.3 1.5-3.6 20.9-47.9 71.9-90.6 32.4 43.9 94 85.8 174.9 77.2C465.5 467.5 576 326.7 576 154.3c0-50.2-10.8-102.2-29.8-144.6z\"><\/path><\/svg>\t\t\t\t\t\t<\/span>\n\t\t\t\t\t\t\t\t\t\t<span class=\"elementor-icon-list-text\"><p>     Apfel, z. B. S\u00e4ulenapfel <a target=\"_blank\" rel=\"noopener noreferrer\" href=\"http:\/\/garten-schlueter.de\/saeulenapfel-redcats-c5\/68550\">'Redcats'<\/a> <\/p><\/span>\n\t\t\t\t\t\t\t\t\t<\/li>\n\t\t\t\t\t\t\t\t<li class=\"elementor-icon-list-item\">\n\t\t\t\t\t\t\t\t\t\t\t<span class=\"elementor-icon-list-icon\">\n\t\t\t\t\t\t\t<svg aria-hidden=\"true\" class=\"e-font-icon-svg e-fas-leaf\" viewBox=\"0 0 576 512\" xmlns=\"http:\/\/www.w3.org\/2000\/svg\"><path d=\"M546.2 9.7c-5.6-12.5-21.6-13-28.3-1.2C486.9 62.4 431.4 96 368 96h-80C182 96 96 182 96 288c0 7 .8 13.7 1.5 20.5C161.3 262.8 253.4 224 384 224c8.8 0 16 7.2 16 16s-7.2 16-16 16C132.6 256 26 410.1 2.4 468c-6.6 16.3 1.2 34.9 17.5 41.6 16.4 6.8 35-1.1 41.8-17.3 1.5-3.6 20.9-47.9 71.9-90.6 32.4 43.9 94 85.8 174.9 77.2C465.5 467.5 576 326.7 576 154.3c0-50.2-10.8-102.2-29.8-144.6z\"><\/path><\/svg>\t\t\t\t\t\t<\/span>\n\t\t\t\t\t\t\t\t\t\t<span class=\"elementor-icon-list-text\"><p>     Birne und Birnenquitte, z.\u202fB. Birnenquitte <a target=\"_blank\" rel=\"noopener noreferrer\" href=\"https:\/\/www.garten-schlueter.de\/birnenquitte-cydora-robusta-5-liter-80-100-cm\/64435\">'Cydora-Robusta'<\/a> <\/p><\/span>\n\t\t\t\t\t\t\t\t\t<\/li>\n\t\t\t\t\t\t\t\t<li class=\"elementor-icon-list-item\">\n\t\t\t\t\t\t\t\t\t\t\t<span class=\"elementor-icon-list-icon\">\n\t\t\t\t\t\t\t<svg aria-hidden=\"true\" class=\"e-font-icon-svg e-fas-leaf\" viewBox=\"0 0 576 512\" xmlns=\"http:\/\/www.w3.org\/2000\/svg\"><path d=\"M546.2 9.7c-5.6-12.5-21.6-13-28.3-1.2C486.9 62.4 431.4 96 368 96h-80C182 96 96 182 96 288c0 7 .8 13.7 1.5 20.5C161.3 262.8 253.4 224 384 224c8.8 0 16 7.2 16 16s-7.2 16-16 16C132.6 256 26 410.1 2.4 468c-6.6 16.3 1.2 34.9 17.5 41.6 16.4 6.8 35-1.1 41.8-17.3 1.5-3.6 20.9-47.9 71.9-90.6 32.4 43.9 94 85.8 174.9 77.2C465.5 467.5 576 326.7 576 154.3c0-50.2-10.8-102.2-29.8-144.6z\"><\/path><\/svg>\t\t\t\t\t\t<\/span>\n\t\t\t\t\t\t\t\t\t\t<span class=\"elementor-icon-list-text\"><p>     Pfirsich, z.\u202fB. Pfirsich <a target=\"_blank\" rel=\"noopener noreferrer\" href=\"https:\/\/www.garten-schlueter.de\/pfirsich-revita\/68861\">'Revita'<\/a> <\/p><\/span>\n\t\t\t\t\t\t\t\t\t<\/li>\n\t\t\t\t\t\t\t\t<li class=\"elementor-icon-list-item\">\n\t\t\t\t\t\t\t\t\t\t\t<span class=\"elementor-icon-list-icon\">\n\t\t\t\t\t\t\t<svg aria-hidden=\"true\" class=\"e-font-icon-svg e-fas-leaf\" viewBox=\"0 0 576 512\" xmlns=\"http:\/\/www.w3.org\/2000\/svg\"><path d=\"M546.2 9.7c-5.6-12.5-21.6-13-28.3-1.2C486.9 62.4 431.4 96 368 96h-80C182 96 96 182 96 288c0 7 .8 13.7 1.5 20.5C161.3 262.8 253.4 224 384 224c8.8 0 16 7.2 16 16s-7.2 16-16 16C132.6 256 26 410.1 2.4 468c-6.6 16.3 1.2 34.9 17.5 41.6 16.4 6.8 35-1.1 41.8-17.3 1.5-3.6 20.9-47.9 71.9-90.6 32.4 43.9 94 85.8 174.9 77.2C465.5 467.5 576 326.7 576 154.3c0-50.2-10.8-102.2-29.8-144.6z\"><\/path><\/svg>\t\t\t\t\t\t<\/span>\n\t\t\t\t\t\t\t\t\t\t<span class=\"elementor-icon-list-text\"><p>     <a target=\"_blank\" rel=\"noopener noreferrer\" href=\"https:\/\/www.garten-schlueter.de\/obst\/weitere-sorten\/pfirsiche-nektarinen\/\">Nektarine<\/a>, <a target=\"_blank\" rel=\"noopener noreferrer\" href=\"http:\/\/garten-schlueter.de\/obst\/aprikosen-mirabellen\/\">Aprikose<\/a>, <a target=\"_blank\" rel=\"noopener noreferrer\" href=\"https:\/\/www.garten-schlueter.de\/obst\/pflaumen-zwetschen\/\">Zwetschge<\/a>, <a target=\"_blank\" rel=\"noopener noreferrer\" href=\"https:\/\/www.garten-schlueter.de\/obst\/weitere-sorten\/feigen\/\">Feige<\/a>, <a target=\"_blank\" rel=\"noopener noreferrer\" href=\"https:\/\/www.garten-schlueter.de\/search?search=zitrone\">Zitrone<\/a>, <a target=\"_blank\" rel=\"noopener noreferrer\" href=\"https:\/\/www.garten-schlueter.de\/obst\/kirschen\/\">Kirsche<\/a> u.v.m. <\/p><\/span>\n\t\t\t\t\t\t\t\t\t<\/li>\n\t\t\t\t\t\t<\/ul>\n\t\t\t\t\t\t<\/div>\n\t\t\t\t<\/div>\n\t\t\t\t<div class=\"elementor-element elementor-element-cd1130a elementor-widget elementor-widget-image\" data-id=\"cd1130a\" data-element_type=\"widget\" data-e-type=\"widget\" data-widget_type=\"image.default\">\n\t\t\t\t<div class=\"elementor-widget-container\">\n\t\t\t\t\t\t\t\t\t\t\t\t<figure class=\"wp-caption\">\n\t\t\t\t\t\t\t\t\t\t<img decoding=\"async\" width=\"750\" height=\"500\" src=\"https:\/\/www.garten-schlueter.de\/blog\/wp-content\/uploads\/obst_3.jpg\" class=\"attachment-large size-large wp-image-7654\" alt=\"\" srcset=\"https:\/\/www.garten-schlueter.de\/blog\/wp-content\/uploads\/obst_3.jpg 750w, https:\/\/www.garten-schlueter.de\/blog\/wp-content\/uploads\/obst_3-300x200.jpg 300w\" sizes=\"(max-width: 750px) 100vw, 750px\" \/>\t\t\t\t\t\t\t\t\t\t\t<figcaption class=\"widget-image-caption wp-caption-text\"><p>     Birnenquitte <a target=\"_blank\" rel=\"noopener noreferrer\" href=\"https:\/\/www.garten-schlueter.de\/birnenquitte-cydora-robusta-5-liter-80-100-cm\/64435\">'Cydora-Robusta'<\/a> <\/p><\/figcaption>\n\t\t\t\t\t\t\t\t\t\t<\/figure>\n\t\t\t\t\t\t\t\t\t<\/div>\n\t\t\t\t<\/div>\n\t\t\t\t<div class=\"elementor-element elementor-element-d64cdc9 elementor-widget__width-initial elementor-widget elementor-widget-heading\" data-id=\"d64cdc9\" data-element_type=\"widget\" data-e-type=\"widget\" data-widget_type=\"heading.default\">\n\t\t\t\t<div class=\"elementor-widget-container\">\n\t\t\t\t\t<h2 class=\"elementor-heading-title elementor-size-default\">Pflanzung kleiner Obstb\u00e4ume<\/h2>\t\t\t\t<\/div>\n\t\t\t\t<\/div>\n\t\t\t\t<div class=\"elementor-element elementor-element-3847d8e elementor-widget__width-inherit elementor-icon-list--layout-traditional elementor-list-item-link-full_width elementor-widget elementor-widget-icon-list\" data-id=\"3847d8e\" data-element_type=\"widget\" data-e-type=\"widget\" data-widget_type=\"icon-list.default\">\n\t\t\t\t<div class=\"elementor-widget-container\">\n\t\t\t\t\t\t\t<ul class=\"elementor-icon-list-items\">\n\t\t\t\t\t\t\t<li class=\"elementor-icon-list-item\">\n\t\t\t\t\t\t\t\t\t\t\t<span class=\"elementor-icon-list-icon\">\n\t\t\t\t\t\t\t<svg aria-hidden=\"true\" class=\"e-font-icon-svg e-fas-leaf\" viewBox=\"0 0 576 512\" xmlns=\"http:\/\/www.w3.org\/2000\/svg\"><path d=\"M546.2 9.7c-5.6-12.5-21.6-13-28.3-1.2C486.9 62.4 431.4 96 368 96h-80C182 96 96 182 96 288c0 7 .8 13.7 1.5 20.5C161.3 262.8 253.4 224 384 224c8.8 0 16 7.2 16 16s-7.2 16-16 16C132.6 256 26 410.1 2.4 468c-6.6 16.3 1.2 34.9 17.5 41.6 16.4 6.8 35-1.1 41.8-17.3 1.5-3.6 20.9-47.9 71.9-90.6 32.4 43.9 94 85.8 174.9 77.2C465.5 467.5 576 326.7 576 154.3c0-50.2-10.8-102.2-29.8-144.6z\"><\/path><\/svg>\t\t\t\t\t\t<\/span>\n\t\t\t\t\t\t\t\t\t\t<span class=\"elementor-icon-list-text\">Pflanzabstand beachten: Trotz kleinem Wuchs brauchen die Wurzeln Raum.<\/span>\n\t\t\t\t\t\t\t\t\t<\/li>\n\t\t\t\t\t\t\t\t<li class=\"elementor-icon-list-item\">\n\t\t\t\t\t\t\t\t\t\t\t<span class=\"elementor-icon-list-icon\">\n\t\t\t\t\t\t\t<svg aria-hidden=\"true\" class=\"e-font-icon-svg e-fas-leaf\" viewBox=\"0 0 576 512\" xmlns=\"http:\/\/www.w3.org\/2000\/svg\"><path d=\"M546.2 9.7c-5.6-12.5-21.6-13-28.3-1.2C486.9 62.4 431.4 96 368 96h-80C182 96 96 182 96 288c0 7 .8 13.7 1.5 20.5C161.3 262.8 253.4 224 384 224c8.8 0 16 7.2 16 16s-7.2 16-16 16C132.6 256 26 410.1 2.4 468c-6.6 16.3 1.2 34.9 17.5 41.6 16.4 6.8 35-1.1 41.8-17.3 1.5-3.6 20.9-47.9 71.9-90.6 32.4 43.9 94 85.8 174.9 77.2C465.5 467.5 576 326.7 576 154.3c0-50.2-10.8-102.2-29.8-144.6z\"><\/path><\/svg>\t\t\t\t\t\t<\/span>\n\t\t\t\t\t\t\t\t\t\t<span class=\"elementor-icon-list-text\">Bei Spalieren: Abstand individuell nach Formwahl festlegen.<\/span>\n\t\t\t\t\t\t\t\t\t<\/li>\n\t\t\t\t\t\t\t\t<li class=\"elementor-icon-list-item\">\n\t\t\t\t\t\t\t\t\t\t\t<span class=\"elementor-icon-list-icon\">\n\t\t\t\t\t\t\t<svg aria-hidden=\"true\" class=\"e-font-icon-svg e-fas-leaf\" viewBox=\"0 0 576 512\" xmlns=\"http:\/\/www.w3.org\/2000\/svg\"><path d=\"M546.2 9.7c-5.6-12.5-21.6-13-28.3-1.2C486.9 62.4 431.4 96 368 96h-80C182 96 96 182 96 288c0 7 .8 13.7 1.5 20.5C161.3 262.8 253.4 224 384 224c8.8 0 16 7.2 16 16s-7.2 16-16 16C132.6 256 26 410.1 2.4 468c-6.6 16.3 1.2 34.9 17.5 41.6 16.4 6.8 35-1.1 41.8-17.3 1.5-3.6 20.9-47.9 71.9-90.6 32.4 43.9 94 85.8 174.9 77.2C465.5 467.5 576 326.7 576 154.3c0-50.2-10.8-102.2-29.8-144.6z\"><\/path><\/svg>\t\t\t\t\t\t<\/span>\n\t\t\t\t\t\t\t\t\t\t<span class=\"elementor-icon-list-text\">S\u00e4ulenformen eignen sich f\u00fcr Reihenpflanzung oder Hecke.<br><\/span>\n\t\t\t\t\t\t\t\t\t<\/li>\n\t\t\t\t\t\t<\/ul>\n\t\t\t\t\t\t<\/div>\n\t\t\t\t<\/div>\n\t\t\t\t<div class=\"elementor-element elementor-element-6629 elementor-position-inline-start nfg-infobox elementor-view-default elementor-mobile-position-block-start elementor-widget elementor-widget-global elementor-global-6629 elementor-widget-icon-box\" data-id=\"6629\" data-element_type=\"widget\" data-e-type=\"widget\" data-widget_type=\"icon-box.default\">\n\t\t\t\t<div class=\"elementor-widget-container\">\n\t\t\t\t\t\t\t<div class=\"elementor-icon-box-wrapper\">\n\n\t\t\t\t\t\t<div class=\"elementor-icon-box-icon\">\n\t\t\t\t<span  class=\"elementor-icon\">\n\t\t\t\t<svg aria-hidden=\"true\" class=\"e-font-icon-svg e-fas-info-circle\" viewBox=\"0 0 512 512\" xmlns=\"http:\/\/www.w3.org\/2000\/svg\"><path d=\"M256 8C119.043 8 8 119.083 8 256c0 136.997 111.043 248 248 248s248-111.003 248-248C504 119.083 392.957 8 256 8zm0 110c23.196 0 42 18.804 42 42s-18.804 42-42 42-42-18.804-42-42 18.804-42 42-42zm56 254c0 6.627-5.373 12-12 12h-88c-6.627 0-12-5.373-12-12v-24c0-6.627 5.373-12 12-12h12v-64h-12c-6.627 0-12-5.373-12-12v-24c0-6.627 5.373-12 12-12h64c6.627 0 12 5.373 12 12v100h12c6.627 0 12 5.373 12 12v24z\"><\/path><\/svg>\t\t\t\t<\/span>\n\t\t\t<\/div>\n\t\t\t\n\t\t\t\t\t\t<div class=\"elementor-icon-box-content\">\n\n\t\t\t\t\t\t\t\t\t<h3 class=\"elementor-icon-box-title\">\n\t\t\t\t\t\t<span  >\n\t\t\t\t\t\t\tWas ist ein Steckholz?\t\t\t\t\t\t<\/span>\n\t\t\t\t\t<\/h3>\n\t\t\t\t\n\t\t\t\t\t\t\t\t\t<p class=\"elementor-icon-box-description\">\n\t\t\t\t\t\tEin Steckholz ist ein verholztes Triebst\u00fcck der Rose ohne Bl\u00e4tter, welches ab Herbst oder Winter geschnitten wird.\t\t\t\t\t<\/p>\n\t\t\t\t\n\t\t\t<\/div>\n\t\t\t\n\t\t<\/div>\n\t\t\t\t\t\t<\/div>\n\t\t\t\t<\/div>\n\t\t\t\t<div class=\"elementor-element elementor-element-d4ca1b6 elementor-widget__width-initial elementor-widget elementor-widget-heading\" data-id=\"d4ca1b6\" data-element_type=\"widget\" data-e-type=\"widget\" data-widget_type=\"heading.default\">\n\t\t\t\t<div class=\"elementor-widget-container\">\n\t\t\t\t\t<h2 class=\"elementor-heading-title elementor-size-default\">Obstb\u00e4ume im K\u00fcbel<\/h2>\t\t\t\t<\/div>\n\t\t\t\t<\/div>\n\t\t\t\t<div class=\"elementor-element elementor-element-5de2c88 elementor-widget elementor-widget-text-editor\" data-id=\"5de2c88\" data-element_type=\"widget\" data-e-type=\"widget\" data-widget_type=\"text-editor.default\">\n\t\t\t\t<div class=\"elementor-widget-container\">\n\t\t\t\t\t\t\t\t\t<p data-pm-slice=\"1 1 []\">Kleine Obstb\u00e4ume lassen sich sehr gut im <strong>gro\u00dfen <a href=\"https:\/\/www.garten-schlueter.de\/zubehoer\/outdoor-pflanzgefaesse-zubehoer\/kuebel-toepfe\/\">Pflanzk\u00fcbel<\/a><\/strong> halten. Mindestvolumen: <strong>30 Liter<\/strong>, mehr ist besser.<\/p>\t\t\t\t\t\t\t\t<\/div>\n\t\t\t\t<\/div>\n\t\t\t\t<div class=\"elementor-element elementor-element-17d31b0 elementor-widget elementor-widget-text-editor\" data-id=\"17d31b0\" data-element_type=\"widget\" data-e-type=\"widget\" data-widget_type=\"text-editor.default\">\n\t\t\t\t<div class=\"elementor-widget-container\">\n\t\t\t\t\t\t\t\t\t<h3 data-pm-slice=\"1 1 []\"><strong>Besonderheiten bei K\u00fcbelhaltung:<\/strong><\/h3>\t\t\t\t\t\t\t\t<\/div>\n\t\t\t\t<\/div>\n\t\t\t\t<div class=\"elementor-element elementor-element-5d04893 elementor-widget__width-inherit elementor-icon-list--layout-traditional elementor-list-item-link-full_width elementor-widget elementor-widget-icon-list\" data-id=\"5d04893\" data-element_type=\"widget\" data-e-type=\"widget\" data-widget_type=\"icon-list.default\">\n\t\t\t\t<div class=\"elementor-widget-container\">\n\t\t\t\t\t\t\t<ul class=\"elementor-icon-list-items\">\n\t\t\t\t\t\t\t<li class=\"elementor-icon-list-item\">\n\t\t\t\t\t\t\t\t\t\t\t<span class=\"elementor-icon-list-icon\">\n\t\t\t\t\t\t\t<svg aria-hidden=\"true\" class=\"e-font-icon-svg e-fas-leaf\" viewBox=\"0 0 576 512\" xmlns=\"http:\/\/www.w3.org\/2000\/svg\"><path d=\"M546.2 9.7c-5.6-12.5-21.6-13-28.3-1.2C486.9 62.4 431.4 96 368 96h-80C182 96 96 182 96 288c0 7 .8 13.7 1.5 20.5C161.3 262.8 253.4 224 384 224c8.8 0 16 7.2 16 16s-7.2 16-16 16C132.6 256 26 410.1 2.4 468c-6.6 16.3 1.2 34.9 17.5 41.6 16.4 6.8 35-1.1 41.8-17.3 1.5-3.6 20.9-47.9 71.9-90.6 32.4 43.9 94 85.8 174.9 77.2C465.5 467.5 576 326.7 576 154.3c0-50.2-10.8-102.2-29.8-144.6z\"><\/path><\/svg>\t\t\t\t\t\t<\/span>\n\t\t\t\t\t\t\t\t\t\t<span class=\"elementor-icon-list-text\">Regelm\u00e4\u00dfiges W\u00e4ssern<\/span>\n\t\t\t\t\t\t\t\t\t<\/li>\n\t\t\t\t\t\t\t\t<li class=\"elementor-icon-list-item\">\n\t\t\t\t\t\t\t\t\t\t\t<span class=\"elementor-icon-list-icon\">\n\t\t\t\t\t\t\t<svg aria-hidden=\"true\" class=\"e-font-icon-svg e-fas-leaf\" viewBox=\"0 0 576 512\" xmlns=\"http:\/\/www.w3.org\/2000\/svg\"><path d=\"M546.2 9.7c-5.6-12.5-21.6-13-28.3-1.2C486.9 62.4 431.4 96 368 96h-80C182 96 96 182 96 288c0 7 .8 13.7 1.5 20.5C161.3 262.8 253.4 224 384 224c8.8 0 16 7.2 16 16s-7.2 16-16 16C132.6 256 26 410.1 2.4 468c-6.6 16.3 1.2 34.9 17.5 41.6 16.4 6.8 35-1.1 41.8-17.3 1.5-3.6 20.9-47.9 71.9-90.6 32.4 43.9 94 85.8 174.9 77.2C465.5 467.5 576 326.7 576 154.3c0-50.2-10.8-102.2-29.8-144.6z\"><\/path><\/svg>\t\t\t\t\t\t<\/span>\n\t\t\t\t\t\t\t\t\t\t<span class=\"elementor-icon-list-text\"><p>D\u00fcngen mit einem <a target=\"_blank\" rel=\"noopener noreferrer\" href=\"http:\/\/garten-schlueter.de\/cuxin-beerenstraeucher-und-obstbaumduenger-3-kg\/75109\">Obstbaumd\u00fcnger<\/a> <span style=\"font-size: 1.3rem;background-color: transparent\"><\/span><\/p><\/span>\n\t\t\t\t\t\t\t\t\t<\/li>\n\t\t\t\t\t\t\t\t<li class=\"elementor-icon-list-item\">\n\t\t\t\t\t\t\t\t\t\t\t<span class=\"elementor-icon-list-icon\">\n\t\t\t\t\t\t\t<svg aria-hidden=\"true\" class=\"e-font-icon-svg e-fas-leaf\" viewBox=\"0 0 576 512\" xmlns=\"http:\/\/www.w3.org\/2000\/svg\"><path d=\"M546.2 9.7c-5.6-12.5-21.6-13-28.3-1.2C486.9 62.4 431.4 96 368 96h-80C182 96 96 182 96 288c0 7 .8 13.7 1.5 20.5C161.3 262.8 253.4 224 384 224c8.8 0 16 7.2 16 16s-7.2 16-16 16C132.6 256 26 410.1 2.4 468c-6.6 16.3 1.2 34.9 17.5 41.6 16.4 6.8 35-1.1 41.8-17.3 1.5-3.6 20.9-47.9 71.9-90.6 32.4 43.9 94 85.8 174.9 77.2C465.5 467.5 576 326.7 576 154.3c0-50.2-10.8-102.2-29.8-144.6z\"><\/path><\/svg>\t\t\t\t\t\t<\/span>\n\t\t\t\t\t\t\t\t\t\t<span class=\"elementor-icon-list-text\">Schutz vor Frost: Im Winter den K\u00fcbel isolieren oder frostfrei stellen<\/span>\n\t\t\t\t\t\t\t\t\t<\/li>\n\t\t\t\t\t\t<\/ul>\n\t\t\t\t\t\t<\/div>\n\t\t\t\t<\/div>\n\t\t\t\t<div class=\"elementor-element elementor-element-7888405 elementor-widget__width-initial elementor-widget elementor-widget-heading\" data-id=\"7888405\" data-element_type=\"widget\" data-e-type=\"widget\" data-widget_type=\"heading.default\">\n\t\t\t\t<div class=\"elementor-widget-container\">\n\t\t\t\t\t<h2 class=\"elementor-heading-title elementor-size-default\">Pflegehinweise<\/h2>\t\t\t\t<\/div>\n\t\t\t\t<\/div>\n\t\t\t\t<div class=\"elementor-element elementor-element-8a4cab3 elementor-widget__width-inherit elementor-icon-list--layout-traditional elementor-list-item-link-full_width elementor-widget elementor-widget-icon-list\" data-id=\"8a4cab3\" data-element_type=\"widget\" data-e-type=\"widget\" data-widget_type=\"icon-list.default\">\n\t\t\t\t<div class=\"elementor-widget-container\">\n\t\t\t\t\t\t\t<ul class=\"elementor-icon-list-items\">\n\t\t\t\t\t\t\t<li class=\"elementor-icon-list-item\">\n\t\t\t\t\t\t\t\t\t\t\t<span class=\"elementor-icon-list-icon\">\n\t\t\t\t\t\t\t<svg aria-hidden=\"true\" class=\"e-font-icon-svg e-fas-leaf\" viewBox=\"0 0 576 512\" xmlns=\"http:\/\/www.w3.org\/2000\/svg\"><path d=\"M546.2 9.7c-5.6-12.5-21.6-13-28.3-1.2C486.9 62.4 431.4 96 368 96h-80C182 96 96 182 96 288c0 7 .8 13.7 1.5 20.5C161.3 262.8 253.4 224 384 224c8.8 0 16 7.2 16 16s-7.2 16-16 16C132.6 256 26 410.1 2.4 468c-6.6 16.3 1.2 34.9 17.5 41.6 16.4 6.8 35-1.1 41.8-17.3 1.5-3.6 20.9-47.9 71.9-90.6 32.4 43.9 94 85.8 174.9 77.2C465.5 467.5 576 326.7 576 154.3c0-50.2-10.8-102.2-29.8-144.6z\"><\/path><\/svg>\t\t\t\t\t\t<\/span>\n\t\t\t\t\t\t\t\t\t\t<span class=\"elementor-icon-list-text\">St\u00fctzen erforderlich: Besonders Apfel und Birne ben\u00f6tigen einen Pfahl als St\u00fctze<\/span>\n\t\t\t\t\t\t\t\t\t<\/li>\n\t\t\t\t\t\t\t\t<li class=\"elementor-icon-list-item\">\n\t\t\t\t\t\t\t\t\t\t\t<span class=\"elementor-icon-list-icon\">\n\t\t\t\t\t\t\t<svg aria-hidden=\"true\" class=\"e-font-icon-svg e-fas-leaf\" viewBox=\"0 0 576 512\" xmlns=\"http:\/\/www.w3.org\/2000\/svg\"><path d=\"M546.2 9.7c-5.6-12.5-21.6-13-28.3-1.2C486.9 62.4 431.4 96 368 96h-80C182 96 96 182 96 288c0 7 .8 13.7 1.5 20.5C161.3 262.8 253.4 224 384 224c8.8 0 16 7.2 16 16s-7.2 16-16 16C132.6 256 26 410.1 2.4 468c-6.6 16.3 1.2 34.9 17.5 41.6 16.4 6.8 35-1.1 41.8-17.3 1.5-3.6 20.9-47.9 71.9-90.6 32.4 43.9 94 85.8 174.9 77.2C465.5 467.5 576 326.7 576 154.3c0-50.2-10.8-102.2-29.8-144.6z\"><\/path><\/svg>\t\t\t\t\t\t<\/span>\n\t\t\t\t\t\t\t\t\t\t<span class=\"elementor-icon-list-text\"><p>D\u00fcngen mit einem <a target=\"_blank\" rel=\"noopener noreferrer\" href=\"http:\/\/garten-schlueter.de\/cuxin-beerenstraeucher-und-obstbaumduenger-3-kg\/75109\">Obstbaumd\u00fcnger<\/a> <span style=\"font-size: 1.3rem;background-color: transparent\"><\/span><\/p><\/span>\n\t\t\t\t\t\t\t\t\t<\/li>\n\t\t\t\t\t\t\t\t<li class=\"elementor-icon-list-item\">\n\t\t\t\t\t\t\t\t\t\t\t<span class=\"elementor-icon-list-icon\">\n\t\t\t\t\t\t\t<svg aria-hidden=\"true\" class=\"e-font-icon-svg e-fas-leaf\" viewBox=\"0 0 576 512\" xmlns=\"http:\/\/www.w3.org\/2000\/svg\"><path d=\"M546.2 9.7c-5.6-12.5-21.6-13-28.3-1.2C486.9 62.4 431.4 96 368 96h-80C182 96 96 182 96 288c0 7 .8 13.7 1.5 20.5C161.3 262.8 253.4 224 384 224c8.8 0 16 7.2 16 16s-7.2 16-16 16C132.6 256 26 410.1 2.4 468c-6.6 16.3 1.2 34.9 17.5 41.6 16.4 6.8 35-1.1 41.8-17.3 1.5-3.6 20.9-47.9 71.9-90.6 32.4 43.9 94 85.8 174.9 77.2C465.5 467.5 576 326.7 576 154.3c0-50.2-10.8-102.2-29.8-144.6z\"><\/path><\/svg>\t\t\t\t\t\t<\/span>\n\t\t\t\t\t\t\t\t\t\t<span class=\"elementor-icon-list-text\">Regelm\u00e4\u00dfig auf Sch\u00e4dlinge kontrollieren<\/span>\n\t\t\t\t\t\t\t\t\t<\/li>\n\t\t\t\t\t\t\t\t<li class=\"elementor-icon-list-item\">\n\t\t\t\t\t\t\t\t\t\t\t<span class=\"elementor-icon-list-icon\">\n\t\t\t\t\t\t\t<svg aria-hidden=\"true\" class=\"e-font-icon-svg e-fas-leaf\" viewBox=\"0 0 576 512\" xmlns=\"http:\/\/www.w3.org\/2000\/svg\"><path d=\"M546.2 9.7c-5.6-12.5-21.6-13-28.3-1.2C486.9 62.4 431.4 96 368 96h-80C182 96 96 182 96 288c0 7 .8 13.7 1.5 20.5C161.3 262.8 253.4 224 384 224c8.8 0 16 7.2 16 16s-7.2 16-16 16C132.6 256 26 410.1 2.4 468c-6.6 16.3 1.2 34.9 17.5 41.6 16.4 6.8 35-1.1 41.8-17.3 1.5-3.6 20.9-47.9 71.9-90.6 32.4 43.9 94 85.8 174.9 77.2C465.5 467.5 576 326.7 576 154.3c0-50.2-10.8-102.2-29.8-144.6z\"><\/path><\/svg>\t\t\t\t\t\t<\/span>\n\t\t\t\t\t\t\t\t\t\t<span class=\"elementor-icon-list-text\">Ertrag durch gute Wasserversorgung und passenden Standort sichern<\/span>\n\t\t\t\t\t\t\t\t\t<\/li>\n\t\t\t\t\t\t<\/ul>\n\t\t\t\t\t\t<\/div>\n\t\t\t\t<\/div>\n\t\t\t\t<div class=\"elementor-element elementor-element-f7d3ae5 elementor-widget elementor-widget-image\" data-id=\"f7d3ae5\" data-element_type=\"widget\" data-e-type=\"widget\" data-widget_type=\"image.default\">\n\t\t\t\t<div class=\"elementor-widget-container\">\n\t\t\t\t\t\t\t\t\t\t\t\t<figure class=\"wp-caption\">\n\t\t\t\t\t\t\t\t\t\t<img decoding=\"async\" width=\"750\" height=\"500\" src=\"https:\/\/www.garten-schlueter.de\/blog\/wp-content\/uploads\/obst_4-1.jpg\" class=\"attachment-large size-large wp-image-7662\" alt=\"Kleiner Apfelbaum\" srcset=\"https:\/\/www.garten-schlueter.de\/blog\/wp-content\/uploads\/obst_4-1.jpg 750w, https:\/\/www.garten-schlueter.de\/blog\/wp-content\/uploads\/obst_4-1-300x200.jpg 300w\" sizes=\"(max-width: 750px) 100vw, 750px\" \/>\t\t\t\t\t\t\t\t\t\t\t<figcaption class=\"widget-image-caption wp-caption-text\"><\/figcaption>\n\t\t\t\t\t\t\t\t\t\t<\/figure>\n\t\t\t\t\t\t\t\t\t<\/div>\n\t\t\t\t<\/div>\n\t\t\t\t<div class=\"elementor-element elementor-element-06aaf05 elementor-widget__width-initial elementor-widget elementor-widget-heading\" data-id=\"06aaf05\" data-element_type=\"widget\" data-e-type=\"widget\" data-widget_type=\"heading.default\">\n\t\t\t\t<div class=\"elementor-widget-container\">\n\t\t\t\t\t<h2 class=\"elementor-heading-title elementor-size-default\">Zusammenfassung<\/h2>\t\t\t\t<\/div>\n\t\t\t\t<\/div>\n\t\t\t\t<div class=\"elementor-element elementor-element-7a4b8a0 elementor-widget elementor-widget-text-editor\" data-id=\"7a4b8a0\" data-element_type=\"widget\" data-e-type=\"widget\" data-widget_type=\"text-editor.default\">\n\t\t\t\t<div class=\"elementor-widget-container\">\n\t\t\t\t\t\t\t\t\t<p data-pm-slice=\"1 1 []\">Kleinw\u00fcchsige Obstb\u00e4ume sind ideal f\u00fcr kleine G\u00e4rten oder den Balkon. Mit geringem Pflegeaufwand und wenig Platzbedarf bieten sie aromatische Fr\u00fcchte und viel Gestaltungsfreiraum. Ob als S\u00e4ule, Spindel oder Spalier \u2013 f\u00fcr jeden Gartenstil gibt es das passende Obstgeh\u00f6lz.<\/p>\t\t\t\t\t\t\t\t<\/div>\n\t\t\t\t<\/div>\n\t\t\t\t<\/div>\n\t\t<div class=\"elementor-element elementor-element-89fa405 e-con-full e-flex e-con e-child\" data-id=\"89fa405\" data-element_type=\"container\" data-e-type=\"container\">\n\t\t\t\t<div class=\"elementor-element elementor-element-395cda3 elementor-widget__width-initial elementor-widget elementor-widget-heading\" data-id=\"395cda3\" data-element_type=\"widget\" data-e-type=\"widget\" data-widget_type=\"heading.default\">\n\t\t\t\t<div class=\"elementor-widget-container\">\n\t\t\t\t\t<h2 class=\"elementor-heading-title elementor-size-default\">Kleines Obst shoppen<\/h2>\t\t\t\t<\/div>\n\t\t\t\t<\/div>\n\t\t\t\t<div class=\"elementor-element elementor-element-d521f39 elementor-widget elementor-widget-text-editor\" data-id=\"d521f39\" data-element_type=\"widget\" data-e-type=\"widget\" data-widget_type=\"text-editor.default\">\n\t\t\t\t<div class=\"elementor-widget-container\">\n\t\t\t\t\t\t\t\t\t<p><div class=\"sw-product-slider-container sw-product-slider-container-014cd90817851983a88d49c1ead40d42379c6273\">\r\n    <div class=\"sw-product-slider sw-product-slider-014cd90817851983a88d49c1ead40d42379c6273\">\r\n                    <div class=\"sw-product-slider-item\">\r\n                <div class=\"sw-product\">\r\n    <a class=\"sw-product-image\" href=\"https:\/\/www.garten-schlueter.de\/selbstfruchtende-suesskirsche-lapins\/68101\">\r\n                    <img decoding=\"async\" src=\"https:\/\/www.garten-schlueter.de\/thumbnail\/74\/4b\/61\/1731518263\/https-www-garten-schlueter-de-media-image-13-e1-50-1-68101-suesskirsche-lapins-prunus-lapins-jpg_400x400.jpg?ts=1731518264\" alt=\"Selbstfruchtende S\u00fc\u00dfkirsche 'Lapins'\">\r\n            <\/a>\r\n    <div class=\"sw-product-info\">\r\n        <a class=\"sw-product-name\" href=\"https:\/\/www.garten-schlueter.de\/selbstfruchtende-suesskirsche-lapins\/68101\">\r\n            Selbstfruchtende S\u00fc\u00dfkirsche &#8218;Lapins&#8216;        <\/a>\r\n        <div class=\"sw-product-botanical-name\">\r\n                            Prunus &#8218;Lapins&#8216;                    <\/div>\r\n        <div class=\"sw-product-price\">\r\n                                    32,99 \u20ac\r\n                    <\/div>\r\n        <a class=\"sw-product-btn btn btn-blue\" href=\"https:\/\/www.garten-schlueter.de\/selbstfruchtende-suesskirsche-lapins\/68101\">\r\n            Details\r\n        <\/a>\r\n    <\/div>\r\n<\/div>            <\/div>\r\n                    <div class=\"sw-product-slider-item\">\r\n                <div class=\"sw-product\">\r\n    <a class=\"sw-product-image\" href=\"https:\/\/www.garten-schlueter.de\/zwerg-birne-little-queen\/68816\">\r\n                    <img decoding=\"async\" src=\"https:\/\/www.garten-schlueter.de\/blog\/wp-content\/plugins\/NF-Shopware\/assets\/img\/no-picture.jpg\" alt=\"Zwerg-Birne 'Little Queen'\">\r\n            <\/a>\r\n    <div class=\"sw-product-info\">\r\n        <a class=\"sw-product-name\" href=\"https:\/\/www.garten-schlueter.de\/zwerg-birne-little-queen\/68816\">\r\n            Zwerg-Birne &#8218;Little Queen&#8216;        <\/a>\r\n        <div class=\"sw-product-botanical-name\">\r\n                            Pyrus communis                    <\/div>\r\n        <div class=\"sw-product-price\">\r\n                                    36,99 \u20ac\r\n                    <\/div>\r\n        <a class=\"sw-product-btn btn btn-blue\" href=\"https:\/\/www.garten-schlueter.de\/zwerg-birne-little-queen\/68816\">\r\n            Details\r\n        <\/a>\r\n    <\/div>\r\n<\/div>            <\/div>\r\n                    <div class=\"sw-product-slider-item\">\r\n                <div class=\"sw-product\">\r\n    <a class=\"sw-product-image\" href=\"https:\/\/www.garten-schlueter.de\/saeulenapfel-red-sensation\/68551\">\r\n                    <img decoding=\"async\" src=\"https:\/\/www.garten-schlueter.de\/thumbnail\/e6\/e4\/59\/1731516239\/1-68550-saeulenapfel-redcats-malus-redcats_400x400.jpg?ts=1731519412\" alt=\"S\u00e4ulenapfel 'Red Sensation'\">\r\n            <\/a>\r\n    <div class=\"sw-product-info\">\r\n        <a class=\"sw-product-name\" href=\"https:\/\/www.garten-schlueter.de\/saeulenapfel-red-sensation\/68551\">\r\n            S\u00e4ulenapfel &#8218;Red Sensation&#8216;        <\/a>\r\n        <div class=\"sw-product-botanical-name\">\r\n                            Malus &#8218;Red Sensation&#8216;                    <\/div>\r\n        <div class=\"sw-product-price\">\r\n                                    32,99 \u20ac\r\n                    <\/div>\r\n        <a class=\"sw-product-btn btn btn-blue\" href=\"https:\/\/www.garten-schlueter.de\/saeulenapfel-red-sensation\/68551\">\r\n            Details\r\n        <\/a>\r\n    <\/div>\r\n<\/div>            <\/div>\r\n                    <div class=\"sw-product-slider-item\">\r\n                <div class=\"sw-product\">\r\n    <a class=\"sw-product-image\" href=\"https:\/\/www.garten-schlueter.de\/selbstfruchtende-saeulen-pflaume-imperial\/68202\">\r\n                    <img decoding=\"async\" src=\"https:\/\/www.garten-schlueter.de\/thumbnail\/b5\/e7\/33\/1731516084\/1-68202-saeulen-zwetsche-imperial-1-stueck_400x400.jpg?ts=1731516084\" alt=\"Selbstfruchtende S\u00e4ulen-Pflaume 'Imperial'\">\r\n            <\/a>\r\n    <div class=\"sw-product-info\">\r\n        <a class=\"sw-product-name\" href=\"https:\/\/www.garten-schlueter.de\/selbstfruchtende-saeulen-pflaume-imperial\/68202\">\r\n            Selbstfruchtende S\u00e4ulen-Pflaume &#8218;Imperial&#8216;        <\/a>\r\n        <div class=\"sw-product-botanical-name\">\r\n                            Prunus domestica &#8218;Imperial&#8216;                    <\/div>\r\n        <div class=\"sw-product-price\">\r\n                                    43,99 \u20ac\r\n                    <\/div>\r\n        <a class=\"sw-product-btn btn btn-blue\" href=\"https:\/\/www.garten-schlueter.de\/selbstfruchtende-saeulen-pflaume-imperial\/68202\">\r\n            Details\r\n        <\/a>\r\n    <\/div>\r\n<\/div>            <\/div>\r\n                    <div class=\"sw-product-slider-item\">\r\n                <div class=\"sw-product\">\r\n    <a class=\"sw-product-image\" href=\"https:\/\/www.garten-schlueter.de\/zwetsche-jojo-5-liter-80-90-cm-40-50-cm-stammhoehe-zwergstamm\/65294\">\r\n                    <img decoding=\"async\" src=\"https:\/\/www.garten-schlueter.de\/blog\/wp-content\/plugins\/NF-Shopware\/assets\/img\/no-picture.jpg\" alt=\"Zwetsche 'Jojo \u00ae'\">\r\n            <\/a>\r\n    <div class=\"sw-product-info\">\r\n        <a class=\"sw-product-name\" href=\"https:\/\/www.garten-schlueter.de\/zwetsche-jojo-5-liter-80-90-cm-40-50-cm-stammhoehe-zwergstamm\/65294\">\r\n            Zwetsche &#8218;Jojo \u00ae&#8216;        <\/a>\r\n        <div class=\"sw-product-botanical-name\">\r\n                    <\/div>\r\n        <div class=\"sw-product-price\">\r\n                                    36,99 \u20ac\r\n                    <\/div>\r\n        <a class=\"sw-product-btn btn btn-blue\" href=\"https:\/\/www.garten-schlueter.de\/zwetsche-jojo-5-liter-80-90-cm-40-50-cm-stammhoehe-zwergstamm\/65294\">\r\n            Details\r\n        <\/a>\r\n    <\/div>\r\n<\/div>            <\/div>\r\n                    <div class=\"sw-product-slider-item\">\r\n                <div class=\"sw-product\">\r\n    <a class=\"sw-product-image\" href=\"https:\/\/www.garten-schlueter.de\/zwerg-mirabelle-nancy-5-liter-80-90-cm-40-50-cm-sth.\/68826\">\r\n                    <img decoding=\"async\" src=\"https:\/\/www.garten-schlueter.de\/thumbnail\/3e\/32\/79\/1731513278\/1-65203-zwerg-mirabelle-nancy-prunus-syr-von-nancy_400x400.jpg?ts=1731519128\" alt=\"Zwerg-Mirabelle 'Nancy'\">\r\n            <\/a>\r\n    <div class=\"sw-product-info\">\r\n        <a class=\"sw-product-name\" href=\"https:\/\/www.garten-schlueter.de\/zwerg-mirabelle-nancy-5-liter-80-90-cm-40-50-cm-sth.\/68826\">\r\n            Zwerg-Mirabelle &#8218;Nancy&#8216;        <\/a>\r\n        <div class=\"sw-product-botanical-name\">\r\n                    <\/div>\r\n        <div class=\"sw-product-price\">\r\n                                        ab\r\n                        36,99 \u20ac\r\n                    <\/div>\r\n        <a class=\"sw-product-btn btn btn-blue\" href=\"https:\/\/www.garten-schlueter.de\/zwerg-mirabelle-nancy-5-liter-80-90-cm-40-50-cm-sth.\/68826\">\r\n            Details\r\n        <\/a>\r\n    <\/div>\r\n<\/div>            <\/div>\r\n                    <div class=\"sw-product-slider-item\">\r\n                <div class=\"sw-product\">\r\n    <a class=\"sw-product-image\" href=\"https:\/\/www.garten-schlueter.de\/suesskirsche-kordia-5-liter-80-100-cm\/68711\">\r\n                    <img decoding=\"async\" src=\"https:\/\/www.garten-schlueter.de\/thumbnail\/0e\/54\/17\/1731513807\/1-64596-prunus-kordia-jpg_400x400.jpg?ts=1731513808\" alt=\"S\u00fc\u00dfkirsche 'Kordia'\">\r\n            <\/a>\r\n    <div class=\"sw-product-info\">\r\n        <a class=\"sw-product-name\" href=\"https:\/\/www.garten-schlueter.de\/suesskirsche-kordia-5-liter-80-100-cm\/68711\">\r\n            S\u00fc\u00dfkirsche &#8218;Kordia&#8216;        <\/a>\r\n        <div class=\"sw-product-botanical-name\">\r\n                            Prunus &#8218;Kordia&#8216;                     <\/div>\r\n        <div class=\"sw-product-price\">\r\n                                    31,99 \u20ac\r\n                    <\/div>\r\n        <a class=\"sw-product-btn btn btn-blue\" href=\"https:\/\/www.garten-schlueter.de\/suesskirsche-kordia-5-liter-80-100-cm\/68711\">\r\n            Details\r\n        <\/a>\r\n    <\/div>\r\n<\/div>            <\/div>\r\n                    <div class=\"sw-product-slider-item\">\r\n                <div class=\"sw-product\">\r\n    <a class=\"sw-product-image\" href=\"https:\/\/www.garten-schlueter.de\/saeulen-sauerkirsche-maynard\/68587\">\r\n                    <img decoding=\"async\" src=\"https:\/\/www.garten-schlueter.de\/thumbnail\/aa\/a6\/bb\/1731518706\/1-68587-sauerkirsche-maynard-jpg_400x400.jpg?ts=1731518707\" alt=\"S\u00e4ulen-Sauerkirsche 'Maynard\u00ae'\">\r\n            <\/a>\r\n    <div class=\"sw-product-info\">\r\n        <a class=\"sw-product-name\" href=\"https:\/\/www.garten-schlueter.de\/saeulen-sauerkirsche-maynard\/68587\">\r\n            S\u00e4ulen-Sauerkirsche &#8218;Maynard\u00ae&#8216;        <\/a>\r\n        <div class=\"sw-product-botanical-name\">\r\n                            Prunus cerasus &#8218;Maynard\u00ae&#8216;                    <\/div>\r\n        <div class=\"sw-product-price\">\r\n                                    36,99 \u20ac\r\n                    <\/div>\r\n        <a class=\"sw-product-btn btn btn-blue\" href=\"https:\/\/www.garten-schlueter.de\/saeulen-sauerkirsche-maynard\/68587\">\r\n            Details\r\n        <\/a>\r\n    <\/div>\r\n<\/div>            <\/div>\r\n                    <div class=\"sw-product-slider-item\">\r\n                <div class=\"sw-product\">\r\n    <a class=\"sw-product-image\" href=\"https:\/\/www.garten-schlueter.de\/aprikosenmirabelle-aprimira-5-liter-80-100-cm\/65266\">\r\n                    <img decoding=\"async\" src=\"https:\/\/www.garten-schlueter.de\/thumbnail\/18\/f5\/89\/1731516294\/1-65266-aprikosenmirabelle-aprimira-prunus-aprimira-jpg_400x400.jpg?ts=1731519131\" alt=\"Aprikosenmirabelle 'Aprimira'\">\r\n            <\/a>\r\n    <div class=\"sw-product-info\">\r\n        <a class=\"sw-product-name\" href=\"https:\/\/www.garten-schlueter.de\/aprikosenmirabelle-aprimira-5-liter-80-100-cm\/65266\">\r\n            Aprikosenmirabelle &#8218;Aprimira&#8216;        <\/a>\r\n        <div class=\"sw-product-botanical-name\">\r\n                            Prunus &#8218;Aprimira&#8216;                    <\/div>\r\n        <div class=\"sw-product-price\">\r\n                                        ab\r\n                        36,99 \u20ac\r\n                    <\/div>\r\n        <a class=\"sw-product-btn btn btn-blue\" href=\"https:\/\/www.garten-schlueter.de\/aprikosenmirabelle-aprimira-5-liter-80-100-cm\/65266\">\r\n            Details\r\n        <\/a>\r\n    <\/div>\r\n<\/div>            <\/div>\r\n                    <div class=\"sw-product-slider-item\">\r\n                <div class=\"sw-product\">\r\n    <a class=\"sw-product-image\" href=\"https:\/\/www.garten-schlueter.de\/apfel-cox-orange-renette-5-liter-80-100-cm\/68735\">\r\n                    <img decoding=\"async\" src=\"https:\/\/www.garten-schlueter.de\/thumbnail\/25\/37\/9a\/1731514014\/1-64006-apfel-cox-orange-jpg_400x400.jpg?ts=1731514014\" alt=\"Apfel 'Cox Orange Renette'\">\r\n            <\/a>\r\n    <div class=\"sw-product-info\">\r\n        <a class=\"sw-product-name\" href=\"https:\/\/www.garten-schlueter.de\/apfel-cox-orange-renette-5-liter-80-100-cm\/68735\">\r\n            Apfel &#8218;Cox Orange Renette&#8216;        <\/a>\r\n        <div class=\"sw-product-botanical-name\">\r\n                    <\/div>\r\n        <div class=\"sw-product-price\">\r\n                                        ab\r\n                        28,99 \u20ac\r\n                    <\/div>\r\n        <a class=\"sw-product-btn btn btn-blue\" href=\"https:\/\/www.garten-schlueter.de\/apfel-cox-orange-renette-5-liter-80-100-cm\/68735\">\r\n            Details\r\n        <\/a>\r\n    <\/div>\r\n<\/div>            <\/div>\r\n                    <div class=\"sw-product-slider-item\">\r\n                <div class=\"sw-product\">\r\n    <a class=\"sw-product-image\" href=\"https:\/\/www.garten-schlueter.de\/sauerkirsche-morellenfeuer\/68608\">\r\n                    <img decoding=\"async\" src=\"https:\/\/www.garten-schlueter.de\/blog\/wp-content\/plugins\/NF-Shopware\/assets\/img\/no-picture.jpg\" alt=\"Sauerkirsche 'Morellenfeuer'\">\r\n            <\/a>\r\n    <div class=\"sw-product-info\">\r\n        <a class=\"sw-product-name\" href=\"https:\/\/www.garten-schlueter.de\/sauerkirsche-morellenfeuer\/68608\">\r\n            Sauerkirsche &#8218;Morellenfeuer&#8216;        <\/a>\r\n        <div class=\"sw-product-botanical-name\">\r\n                            Prunus cerasus &#8218;Morellenfeuer&#8216;                    <\/div>\r\n        <div class=\"sw-product-price\">\r\n                                    29,99 \u20ac\r\n                    <\/div>\r\n        <a class=\"sw-product-btn btn btn-blue\" href=\"https:\/\/www.garten-schlueter.de\/sauerkirsche-morellenfeuer\/68608\">\r\n            Details\r\n        <\/a>\r\n    <\/div>\r\n<\/div>            <\/div>\r\n                    <div class=\"sw-product-slider-item\">\r\n                <div class=\"sw-product\">\r\n    <a class=\"sw-product-image\" href=\"https:\/\/www.garten-schlueter.de\/apfel-elstar-5-liter-120-160-cm-40-60-cm-sth.\/68744\">\r\n                    <img decoding=\"async\" src=\"https:\/\/www.garten-schlueter.de\/thumbnail\/c5\/94\/d0\/1759916488\/68744-herbstapfel-malus-domestica-elstar-r-c-green-solutions-01-jpg_400x400.jpg?ts=1759916489\" alt=\"Apfel 'Elstar\u00ae'\">\r\n            <\/a>\r\n    <div class=\"sw-product-info\">\r\n        <a class=\"sw-product-name\" href=\"https:\/\/www.garten-schlueter.de\/apfel-elstar-5-liter-120-160-cm-40-60-cm-sth.\/68744\">\r\n            Apfel &#8218;Elstar\u00ae&#8216;        <\/a>\r\n        <div class=\"sw-product-botanical-name\">\r\n                    <\/div>\r\n        <div class=\"sw-product-price\">\r\n                                    32,99 \u20ac\r\n                    <\/div>\r\n        <a class=\"sw-product-btn btn btn-blue\" href=\"https:\/\/www.garten-schlueter.de\/apfel-elstar-5-liter-120-160-cm-40-60-cm-sth.\/68744\">\r\n            Details\r\n        <\/a>\r\n    <\/div>\r\n<\/div>            <\/div>\r\n                    <div class=\"sw-product-slider-item\">\r\n                <div class=\"sw-product\">\r\n    <a class=\"sw-product-image\" href=\"https:\/\/www.garten-schlueter.de\/portugiesische-birnenquitte-5-liter-40-50-cm-stammhoehe\/63425\">\r\n                    <img decoding=\"async\" src=\"https:\/\/www.garten-schlueter.de\/thumbnail\/d4\/d6\/1f\/1731519131\/1-62245-portugiesische-birnenquitte-cydonia-oblonga_400x400.jpg?ts=1731519131\" alt=\"Portugiesische Birnenquitte\">\r\n            <\/a>\r\n    <div class=\"sw-product-info\">\r\n        <a class=\"sw-product-name\" href=\"https:\/\/www.garten-schlueter.de\/portugiesische-birnenquitte-5-liter-40-50-cm-stammhoehe\/63425\">\r\n            Portugiesische Birnenquitte        <\/a>\r\n        <div class=\"sw-product-botanical-name\">\r\n                            Cydonia oblonga                    <\/div>\r\n        <div class=\"sw-product-price\">\r\n                                        ab\r\n                        38,99 \u20ac\r\n                    <\/div>\r\n        <a class=\"sw-product-btn btn btn-blue\" href=\"https:\/\/www.garten-schlueter.de\/portugiesische-birnenquitte-5-liter-40-50-cm-stammhoehe\/63425\">\r\n            Details\r\n        <\/a>\r\n    <\/div>\r\n<\/div>            <\/div>\r\n                    <div class=\"sw-product-slider-item\">\r\n                <div class=\"sw-product\">\r\n    <a class=\"sw-product-image\" href=\"https:\/\/www.garten-schlueter.de\/schwarze-zwerg-maulbeere-mojo-berry-c5-40-60-cm\/68142\">\r\n                    <img decoding=\"async\" src=\"https:\/\/www.garten-schlueter.de\/thumbnail\/0d\/ce\/eb\/1731519413\/1-68142-schwarze-maulbeere-mojo-berry_400x400.jpg?ts=1760010398\" alt=\"Schwarze Zwerg-Maulbeere 'Mojo Berry\u00ae'\">\r\n            <\/a>\r\n    <div class=\"sw-product-info\">\r\n        <a class=\"sw-product-name\" href=\"https:\/\/www.garten-schlueter.de\/schwarze-zwerg-maulbeere-mojo-berry-c5-40-60-cm\/68142\">\r\n            Schwarze Zwerg-Maulbeere &#8218;Mojo Berry\u00ae&#8216;        <\/a>\r\n        <div class=\"sw-product-botanical-name\">\r\n                            Morus rotundiloba &#8218;Mojo Berry\u00ae&#8216;\r\n                    <\/div>\r\n        <div class=\"sw-product-price\">\r\n                                        ab\r\n                        29,99 \u20ac\r\n                    <\/div>\r\n        <a class=\"sw-product-btn btn btn-blue\" href=\"https:\/\/www.garten-schlueter.de\/schwarze-zwerg-maulbeere-mojo-berry-c5-40-60-cm\/68142\">\r\n            Details\r\n        <\/a>\r\n    <\/div>\r\n<\/div>            <\/div>\r\n                    <div class=\"sw-product-slider-item\">\r\n                <div class=\"sw-product\">\r\n    <a class=\"sw-product-image\" href=\"https:\/\/www.garten-schlueter.de\/mirabelle-bellamira-5-liter-80-100-cm\/68752\">\r\n                    <img decoding=\"async\" src=\"https:\/\/www.garten-schlueter.de\/thumbnail\/d4\/e7\/70\/1731513411\/1-68752-mirabelle-bellamira-prunus-domestica-bellamira_400x400.jpg?ts=1731519119\" alt=\"Mirabelle 'Bellamira\u00ae'\">\r\n            <\/a>\r\n    <div class=\"sw-product-info\">\r\n        <a class=\"sw-product-name\" href=\"https:\/\/www.garten-schlueter.de\/mirabelle-bellamira-5-liter-80-100-cm\/68752\">\r\n            Mirabelle &#8218;Bellamira\u00ae&#8216;        <\/a>\r\n        <div class=\"sw-product-botanical-name\">\r\n                    <\/div>\r\n        <div class=\"sw-product-price\">\r\n                                        ab\r\n                        32,99 \u20ac\r\n                    <\/div>\r\n        <a class=\"sw-product-btn btn btn-blue\" href=\"https:\/\/www.garten-schlueter.de\/mirabelle-bellamira-5-liter-80-100-cm\/68752\">\r\n            Details\r\n        <\/a>\r\n    <\/div>\r\n<\/div>            <\/div>\r\n                    <div class=\"sw-product-slider-item\">\r\n                <div class=\"sw-product\">\r\n    <a class=\"sw-product-image\" href=\"https:\/\/www.garten-schlueter.de\/pflaume-hanna-zwergstamm\/68543\">\r\n                    <img decoding=\"async\" src=\"https:\/\/www.garten-schlueter.de\/thumbnail\/56\/ff\/7e\/1731519122\/1-68542-pflaume-hanna-prunus-dom-hanna_400x400.jpg?ts=1731519122\" alt=\"Pflaume 'Hanna\u00ae'\">\r\n            <\/a>\r\n    <div class=\"sw-product-info\">\r\n        <a class=\"sw-product-name\" href=\"https:\/\/www.garten-schlueter.de\/pflaume-hanna-zwergstamm\/68543\">\r\n            Pflaume &#8218;Hanna\u00ae&#8216;        <\/a>\r\n        <div class=\"sw-product-botanical-name\">\r\n                            Prunus domestica &#8218;Hanna\u00ae&#8216;                    <\/div>\r\n        <div class=\"sw-product-price\">\r\n                                    39,99 \u20ac\r\n                    <\/div>\r\n        <a class=\"sw-product-btn btn btn-blue\" href=\"https:\/\/www.garten-schlueter.de\/pflaume-hanna-zwergstamm\/68543\">\r\n            Details\r\n        <\/a>\r\n    <\/div>\r\n<\/div>            <\/div>\r\n                    <div class=\"sw-product-slider-item\">\r\n                <div class=\"sw-product\">\r\n    <a class=\"sw-product-image\" href=\"https:\/\/www.garten-schlueter.de\/apfelquitte-5-liter-container\/64449\">\r\n                    <img decoding=\"async\" src=\"https:\/\/www.garten-schlueter.de\/thumbnail\/c0\/56\/8e\/1731513891\/1-63915-apfelquitte-cydonia-oblonga-jpg_400x400.jpg?ts=1731513892\" alt=\"Apfelquitte'Konstantinopeler Apfelquitte'\">\r\n            <\/a>\r\n    <div class=\"sw-product-info\">\r\n        <a class=\"sw-product-name\" href=\"https:\/\/www.garten-schlueter.de\/apfelquitte-5-liter-container\/64449\">\r\n            Apfelquitte&#8217;Konstantinopeler Apfelquitte&#8216;        <\/a>\r\n        <div class=\"sw-product-botanical-name\">\r\n                    <\/div>\r\n        <div class=\"sw-product-price\">\r\n                                    32,99 \u20ac\r\n                    <\/div>\r\n        <a class=\"sw-product-btn btn btn-blue\" href=\"https:\/\/www.garten-schlueter.de\/apfelquitte-5-liter-container\/64449\">\r\n            Details\r\n        <\/a>\r\n    <\/div>\r\n<\/div>            <\/div>\r\n                    <div class=\"sw-product-slider-item\">\r\n                <div class=\"sw-product\">\r\n    <a class=\"sw-product-image\" href=\"https:\/\/www.garten-schlueter.de\/selbstfruchtende-suesskirsche-sunburst-5-liter-80-100-cm-extra-starker-busch-ca.-60-cm-stammhoehe\/68700\">\r\n                    <img decoding=\"async\" src=\"https:\/\/www.garten-schlueter.de\/thumbnail\/cb\/f6\/9c\/1731513363\/2-64607-zwergkirsche-sunburst-prunus-sunburst_400x400.jpg?ts=1731519128\" alt=\"Selbstfruchtende S\u00fc\u00dfkirsche 'Sunburst'\">\r\n            <\/a>\r\n    <div class=\"sw-product-info\">\r\n        <a class=\"sw-product-name\" href=\"https:\/\/www.garten-schlueter.de\/selbstfruchtende-suesskirsche-sunburst-5-liter-80-100-cm-extra-starker-busch-ca.-60-cm-stammhoehe\/68700\">\r\n            Selbstfruchtende S\u00fc\u00dfkirsche &#8218;Sunburst&#8216;        <\/a>\r\n        <div class=\"sw-product-botanical-name\">\r\n                            Prunus avium &#8218;Sunburst&#8216;                     <\/div>\r\n        <div class=\"sw-product-price\">\r\n                                        ab\r\n                        34,99 \u20ac\r\n                    <\/div>\r\n        <a class=\"sw-product-btn btn btn-blue\" href=\"https:\/\/www.garten-schlueter.de\/selbstfruchtende-suesskirsche-sunburst-5-liter-80-100-cm-extra-starker-busch-ca.-60-cm-stammhoehe\/68700\">\r\n            Details\r\n        <\/a>\r\n    <\/div>\r\n<\/div>            <\/div>\r\n                    <div class=\"sw-product-slider-item\">\r\n                <div class=\"sw-product\">\r\n    <a class=\"sw-product-image\" href=\"https:\/\/www.garten-schlueter.de\/saeulen-suesskirsche-sylvia\/68585\">\r\n                    <img decoding=\"async\" src=\"https:\/\/www.garten-schlueter.de\/blog\/wp-content\/plugins\/NF-Shopware\/assets\/img\/no-picture.jpg\" alt=\"S\u00e4ulen-S\u00fc\u00dfkirsche 'Sylvia\u00ae'\">\r\n            <\/a>\r\n    <div class=\"sw-product-info\">\r\n        <a class=\"sw-product-name\" href=\"https:\/\/www.garten-schlueter.de\/saeulen-suesskirsche-sylvia\/68585\">\r\n            S\u00e4ulen-S\u00fc\u00dfkirsche &#8218;Sylvia\u00ae&#8216;        <\/a>\r\n        <div class=\"sw-product-botanical-name\">\r\n                            Prunus avium &#8218;Sylvia\u00ae&#8216;                    <\/div>\r\n        <div class=\"sw-product-price\">\r\n                                    36,99 \u20ac\r\n                    <\/div>\r\n        <a class=\"sw-product-btn btn btn-blue\" href=\"https:\/\/www.garten-schlueter.de\/saeulen-suesskirsche-sylvia\/68585\">\r\n            Details\r\n        <\/a>\r\n    <\/div>\r\n<\/div>            <\/div>\r\n                    <div class=\"sw-product-slider-item\">\r\n                <div class=\"sw-product\">\r\n    <a class=\"sw-product-image\" href=\"https:\/\/www.garten-schlueter.de\/balkon-apfel-croquella\/68803\">\r\n                    <img decoding=\"async\" src=\"https:\/\/www.garten-schlueter.de\/thumbnail\/80\/16\/50\/1731516442\/1-68803-balkon-apfel-croquella-malus-starline-croquella-delgrina_400x400.jpg?ts=1731516443\" alt=\"Balkon-Apfel 'Croquella'\">\r\n            <\/a>\r\n    <div class=\"sw-product-info\">\r\n        <a class=\"sw-product-name\" href=\"https:\/\/www.garten-schlueter.de\/balkon-apfel-croquella\/68803\">\r\n            Balkon-Apfel &#8218;Croquella&#8216;        <\/a>\r\n        <div class=\"sw-product-botanical-name\">\r\n                            Malus Starline\u00ae Croquella\u00ae delgrina                    <\/div>\r\n        <div class=\"sw-product-price\">\r\n                                    36,49 \u20ac\r\n                    <\/div>\r\n        <a class=\"sw-product-btn btn btn-blue\" href=\"https:\/\/www.garten-schlueter.de\/balkon-apfel-croquella\/68803\">\r\n            Details\r\n        <\/a>\r\n    <\/div>\r\n<\/div>            <\/div>\r\n            <\/div>\r\n    <div class=\"sw-product-slider-controls sw-product-slider-controls-014cd90817851983a88d49c1ead40d42379c6273\">\r\n        <button class=\"sw-product-slider-controls-prev\">\r\n            <svg xmlns=\"http:\/\/www.w3.org\/2000\/svg\" xmlns:xlink=\"http:\/\/www.w3.org\/1999\/xlink\" width=\"16\" height=\"16\" viewBox=\"0 0 16 16\"><defs><path id=\"icons-solid-arrow-large-left\" d=\"M2.7071 4.2929c-.3905-.3905-1.0237-.3905-1.4142 0-.3905.3905-.3905 1.0237 0 1.4142l6 6c.3905.3905 1.0237.3905 1.4142 0l6-6c.3905-.3905.3905-1.0237 0-1.4142-.3905-.3905-1.0237-.3905-1.4142 0L8 9.5858l-5.2929-5.293z\" \/><\/defs><use transform=\"matrix(0 -1 -1 0 16 16)\" xlink:href=\"#icons-solid-arrow-large-left\" fill=\"#FFFFFF\" fill-rule=\"evenodd\" \/><\/svg>        <\/button>\r\n        <button class=\"sw-product-slider-controls-next\">\r\n            <svg xmlns=\"http:\/\/www.w3.org\/2000\/svg\" xmlns:xlink=\"http:\/\/www.w3.org\/1999\/xlink\" width=\"16\" height=\"16\" viewBox=\"0 0 16 16\"><defs><path id=\"icons-solid-arrow-large-right\" d=\"M2.7071 4.2929c-.3905-.3905-1.0237-.3905-1.4142 0-.3905.3905-.3905 1.0237 0 1.4142l6 6c.3905.3905 1.0237.3905 1.4142 0l6-6c.3905-.3905.3905-1.0237 0-1.4142-.3905-.3905-1.0237-.3905-1.4142 0L8 9.5858l-5.2929-5.293z\" \/><\/defs><use transform=\"matrix(0 1 1 0 0 0)\" xlink:href=\"#icons-solid-arrow-large-right\" fill=\"#FFFFFF\" fill-rule=\"evenodd\" \/><\/svg>        <\/button>\r\n    <\/div>\r\n<\/div>\r\n\r\n<script>\r\n    var slider = tns({\r\n        container: '.sw-product-slider-014cd90817851983a88d49c1ead40d42379c6273',\r\n        controlsContainer: '.sw-product-slider-controls-014cd90817851983a88d49c1ead40d42379c6273',\r\n        prevButton: '.sw-product-slider-controls-014cd90817851983a88d49c1ead40d42379c6273 .sw-product-slider-controls-prev',\r\n        nextButton: '.sw-product-slider-controls-014cd90817851983a88d49c1ead40d42379c6273 .sw-product-slider-controls-next',\r\n        items: 2,\r\n        gutter: 20,\r\n        nav: false,\r\n        responsive: {\r\n            570: {\r\n                items: 3\r\n            },\r\n            992: {\r\n                items: 4\r\n            },\r\n            1200: {\r\n                items: 5\r\n            },\r\n            1400: {\r\n                items: 6\r\n            }\r\n        }\r\n    });\r\n<\/script>\r\n\r\n\r\n<\/p>\t\t\t\t\t\t\t\t<\/div>\n\t\t\t\t<\/div>\n\t\t\t\t<\/div>\n\t\t\t\t\t<\/div>\n\t\t\t\t<\/div>\n\t\t<div class=\"elementor-element elementor-element-e178eff e-flex e-con-boxed e-con e-parent\" data-id=\"e178eff\" data-element_type=\"container\" data-e-type=\"container\">\n\t\t\t\t\t<div class=\"e-con-inner\">\n\t\t\t\t<div class=\"elementor-element elementor-element-a9a7a49 elementor-widget elementor-widget-heading\" data-id=\"a9a7a49\" data-element_type=\"widget\" data-e-type=\"widget\" data-widget_type=\"heading.default\">\n\t\t\t\t<div class=\"elementor-widget-container\">\n\t\t\t\t\t<h2 class=\"elementor-heading-title elementor-size-default\">Community<\/h2>\t\t\t\t<\/div>\n\t\t\t\t<\/div>\n\t\t\t\t<div class=\"elementor-element elementor-element-1111999 elementor-widget elementor-widget-image\" data-id=\"1111999\" data-element_type=\"widget\" data-e-type=\"widget\" data-widget_type=\"image.default\">\n\t\t\t\t<div class=\"elementor-widget-container\">\n\t\t\t\t\t\t\t\t\t\t\t\t\t\t\t<img loading=\"lazy\" decoding=\"async\" width=\"800\" height=\"294\" src=\"https:\/\/www.garten-schlueter.de\/blog\/wp-content\/uploads\/community.jpg\" class=\"attachment-large size-large wp-image-6785\" alt=\"G\u00e4rtner mit Schaufel\" srcset=\"https:\/\/www.garten-schlueter.de\/blog\/wp-content\/uploads\/community.jpg 1000w, https:\/\/www.garten-schlueter.de\/blog\/wp-content\/uploads\/community-300x110.jpg 300w, https:\/\/www.garten-schlueter.de\/blog\/wp-content\/uploads\/community-768x283.jpg 768w\" sizes=\"(max-width: 800px) 100vw, 800px\" \/>\t\t\t\t\t\t\t\t\t\t\t\t\t\t\t<\/div>\n\t\t\t\t<\/div>\n\t\t\t\t\t<\/div>\n\t\t\t\t<\/div>\n\t\t\t\t<\/div>\n\t\t","protected":false},"excerpt":{"rendered":"<p>Obsternte auf wenig Raum: Entdecke platzsparende Obstb\u00e4ume f\u00fcr Garten, Terrasse oder Balkon.<\/p>\n","protected":false},"author":9,"featured_media":7669,"comment_status":"open","ping_status":"open","sticky":false,"template":"","format":"standard","meta":{"footnotes":""},"categories":[22,17],"tags":[],"class_list":["post-7647","post","type-post","status-publish","format-standard","has-post-thumbnail","hentry","category-obst","category-pflanz-ideen"],"yoast_head":"<!-- This site is optimized with the Yoast SEO plugin v27.3 - https:\/\/yoast.com\/product\/yoast-seo-wordpress\/ -->\n<title>Kleine Obstb\u00e4ume f\u00fcr kleine G\u00e4rten: Sorten, Pflanzung und Pflege - Garten Schl\u00fcter<\/title>\n<meta name=\"description\" content=\"Platzsparend Obst ernten: Entdecke kompakte Obstb\u00e4ume f\u00fcr kleine G\u00e4rten, Terrasse oder Balkon \u2013 mit Tipps zu Sorten, Pflanzung und Pflege.\" \/>\n<meta name=\"robots\" content=\"index, follow, max-snippet:-1, max-image-preview:large, max-video-preview:-1\" \/>\n<link rel=\"canonical\" href=\"https:\/\/www.garten-schlueter.de\/blog\/obstbaeume-fuer-kleine-gaerten\/\" \/>\n<meta property=\"og:locale\" content=\"de_DE\" \/>\n<meta property=\"og:type\" content=\"article\" \/>\n<meta property=\"og:title\" content=\"Kleine Obstb\u00e4ume f\u00fcr kleine G\u00e4rten: Sorten, Pflanzung und Pflege - Garten Schl\u00fcter\" \/>\n<meta property=\"og:description\" content=\"Platzsparend Obst ernten: Entdecke kompakte Obstb\u00e4ume f\u00fcr kleine G\u00e4rten, Terrasse oder Balkon \u2013 mit Tipps zu Sorten, Pflanzung und Pflege.\" \/>\n<meta property=\"og:url\" content=\"https:\/\/www.garten-schlueter.de\/blog\/obstbaeume-fuer-kleine-gaerten\/\" \/>\n<meta property=\"og:site_name\" content=\"Garten Schl\u00fcter\" \/>\n<meta property=\"article:published_time\" content=\"2025-05-15T10:25:19+00:00\" \/>\n<meta property=\"article:modified_time\" content=\"2025-05-19T13:08:27+00:00\" \/>\n<meta property=\"og:image\" content=\"https:\/\/www.garten-schlueter.de\/blog\/wp-content\/uploads\/obst_vorschau.jpg\" \/>\n\t<meta property=\"og:image:width\" content=\"350\" \/>\n\t<meta property=\"og:image:height\" content=\"250\" \/>\n\t<meta property=\"og:image:type\" content=\"image\/jpeg\" \/>\n<meta name=\"author\" content=\"Paula\" \/>\n<meta name=\"twitter:card\" content=\"summary_large_image\" \/>\n<meta name=\"twitter:label1\" content=\"Verfasst von\" \/>\n\t<meta name=\"twitter:data1\" content=\"Paula\" \/>\n\t<meta name=\"twitter:label2\" content=\"Gesch\u00e4tzte Lesezeit\" \/>\n\t<meta name=\"twitter:data2\" content=\"4\u00a0Minuten\" \/>\n<script type=\"application\/ld+json\" class=\"yoast-schema-graph\">{\"@context\":\"https:\\\/\\\/schema.org\",\"@graph\":[{\"@type\":\"Article\",\"@id\":\"https:\\\/\\\/www.garten-schlueter.de\\\/blog\\\/obstbaeume-fuer-kleine-gaerten\\\/#article\",\"isPartOf\":{\"@id\":\"https:\\\/\\\/www.garten-schlueter.de\\\/blog\\\/obstbaeume-fuer-kleine-gaerten\\\/\"},\"author\":{\"name\":\"Paula\",\"@id\":\"https:\\\/\\\/www.garten-schlueter.de\\\/blog\\\/#\\\/schema\\\/person\\\/849b1b24fdc826251035213a68255e1f\"},\"headline\":\"Kleine Obstb\u00e4ume f\u00fcr kleine G\u00e4rten: Sorten, Pflanzung und Pflege\",\"datePublished\":\"2025-05-15T10:25:19+00:00\",\"dateModified\":\"2025-05-19T13:08:27+00:00\",\"mainEntityOfPage\":{\"@id\":\"https:\\\/\\\/www.garten-schlueter.de\\\/blog\\\/obstbaeume-fuer-kleine-gaerten\\\/\"},\"wordCount\":464,\"commentCount\":6,\"publisher\":{\"@id\":\"https:\\\/\\\/www.garten-schlueter.de\\\/blog\\\/#organization\"},\"image\":{\"@id\":\"https:\\\/\\\/www.garten-schlueter.de\\\/blog\\\/obstbaeume-fuer-kleine-gaerten\\\/#primaryimage\"},\"thumbnailUrl\":\"https:\\\/\\\/www.garten-schlueter.de\\\/blog\\\/wp-content\\\/uploads\\\/obst_vorschau.jpg\",\"articleSection\":[\"Obst\",\"Pflanz-Ideen\"],\"inLanguage\":\"de\",\"potentialAction\":[{\"@type\":\"CommentAction\",\"name\":\"Comment\",\"target\":[\"https:\\\/\\\/www.garten-schlueter.de\\\/blog\\\/obstbaeume-fuer-kleine-gaerten\\\/#respond\"]}]},{\"@type\":\"WebPage\",\"@id\":\"https:\\\/\\\/www.garten-schlueter.de\\\/blog\\\/obstbaeume-fuer-kleine-gaerten\\\/\",\"url\":\"https:\\\/\\\/www.garten-schlueter.de\\\/blog\\\/obstbaeume-fuer-kleine-gaerten\\\/\",\"name\":\"Kleine Obstb\u00e4ume f\u00fcr kleine G\u00e4rten: Sorten, Pflanzung und Pflege - Garten Schl\u00fcter\",\"isPartOf\":{\"@id\":\"https:\\\/\\\/www.garten-schlueter.de\\\/blog\\\/#website\"},\"primaryImageOfPage\":{\"@id\":\"https:\\\/\\\/www.garten-schlueter.de\\\/blog\\\/obstbaeume-fuer-kleine-gaerten\\\/#primaryimage\"},\"image\":{\"@id\":\"https:\\\/\\\/www.garten-schlueter.de\\\/blog\\\/obstbaeume-fuer-kleine-gaerten\\\/#primaryimage\"},\"thumbnailUrl\":\"https:\\\/\\\/www.garten-schlueter.de\\\/blog\\\/wp-content\\\/uploads\\\/obst_vorschau.jpg\",\"datePublished\":\"2025-05-15T10:25:19+00:00\",\"dateModified\":\"2025-05-19T13:08:27+00:00\",\"description\":\"Platzsparend Obst ernten: Entdecke kompakte Obstb\u00e4ume f\u00fcr kleine G\u00e4rten, Terrasse oder Balkon \u2013 mit Tipps zu Sorten, Pflanzung und Pflege.\",\"breadcrumb\":{\"@id\":\"https:\\\/\\\/www.garten-schlueter.de\\\/blog\\\/obstbaeume-fuer-kleine-gaerten\\\/#breadcrumb\"},\"inLanguage\":\"de\",\"potentialAction\":[{\"@type\":\"ReadAction\",\"target\":[\"https:\\\/\\\/www.garten-schlueter.de\\\/blog\\\/obstbaeume-fuer-kleine-gaerten\\\/\"]}]},{\"@type\":\"ImageObject\",\"inLanguage\":\"de\",\"@id\":\"https:\\\/\\\/www.garten-schlueter.de\\\/blog\\\/obstbaeume-fuer-kleine-gaerten\\\/#primaryimage\",\"url\":\"https:\\\/\\\/www.garten-schlueter.de\\\/blog\\\/wp-content\\\/uploads\\\/obst_vorschau.jpg\",\"contentUrl\":\"https:\\\/\\\/www.garten-schlueter.de\\\/blog\\\/wp-content\\\/uploads\\\/obst_vorschau.jpg\",\"width\":350,\"height\":250},{\"@type\":\"BreadcrumbList\",\"@id\":\"https:\\\/\\\/www.garten-schlueter.de\\\/blog\\\/obstbaeume-fuer-kleine-gaerten\\\/#breadcrumb\",\"itemListElement\":[{\"@type\":\"ListItem\",\"position\":1,\"name\":\"Startseite\",\"item\":\"https:\\\/\\\/www.garten-schlueter.de\\\/blog\\\/\"},{\"@type\":\"ListItem\",\"position\":2,\"name\":\"Kleine Obstb\u00e4ume f\u00fcr kleine G\u00e4rten: Sorten, Pflanzung und Pflege\"}]},{\"@type\":\"WebSite\",\"@id\":\"https:\\\/\\\/www.garten-schlueter.de\\\/blog\\\/#website\",\"url\":\"https:\\\/\\\/www.garten-schlueter.de\\\/blog\\\/\",\"name\":\"Garten Schl\u00fcter\",\"description\":\"\",\"publisher\":{\"@id\":\"https:\\\/\\\/www.garten-schlueter.de\\\/blog\\\/#organization\"},\"potentialAction\":[{\"@type\":\"SearchAction\",\"target\":{\"@type\":\"EntryPoint\",\"urlTemplate\":\"https:\\\/\\\/www.garten-schlueter.de\\\/blog\\\/?s={search_term_string}\"},\"query-input\":{\"@type\":\"PropertyValueSpecification\",\"valueRequired\":true,\"valueName\":\"search_term_string\"}}],\"inLanguage\":\"de\"},{\"@type\":\"Organization\",\"@id\":\"https:\\\/\\\/www.garten-schlueter.de\\\/blog\\\/#organization\",\"name\":\"Garten Schl\u00fcter\",\"url\":\"https:\\\/\\\/www.garten-schlueter.de\\\/blog\\\/\",\"logo\":{\"@type\":\"ImageObject\",\"inLanguage\":\"de\",\"@id\":\"https:\\\/\\\/www.garten-schlueter.de\\\/blog\\\/#\\\/schema\\\/logo\\\/image\\\/\",\"url\":\"https:\\\/\\\/www.garten-schlueter.de\\\/blog\\\/wp-content\\\/uploads\\\/garten-schlueter-100.svg\",\"contentUrl\":\"https:\\\/\\\/www.garten-schlueter.de\\\/blog\\\/wp-content\\\/uploads\\\/garten-schlueter-100.svg\",\"width\":507,\"height\":105,\"caption\":\"Garten Schl\u00fcter\"},\"image\":{\"@id\":\"https:\\\/\\\/www.garten-schlueter.de\\\/blog\\\/#\\\/schema\\\/logo\\\/image\\\/\"}},{\"@type\":\"Person\",\"@id\":\"https:\\\/\\\/www.garten-schlueter.de\\\/blog\\\/#\\\/schema\\\/person\\\/849b1b24fdc826251035213a68255e1f\",\"name\":\"Paula\",\"image\":{\"@type\":\"ImageObject\",\"inLanguage\":\"de\",\"@id\":\"https:\\\/\\\/secure.gravatar.com\\\/avatar\\\/476a4c26dcb23682344b3e65252216cf4171599505f0dca40ff3944b7204a89d?s=96&d=mm&r=g\",\"url\":\"https:\\\/\\\/secure.gravatar.com\\\/avatar\\\/476a4c26dcb23682344b3e65252216cf4171599505f0dca40ff3944b7204a89d?s=96&d=mm&r=g\",\"contentUrl\":\"https:\\\/\\\/secure.gravatar.com\\\/avatar\\\/476a4c26dcb23682344b3e65252216cf4171599505f0dca40ff3944b7204a89d?s=96&d=mm&r=g\",\"caption\":\"Paula\"}}]}<\/script>\n<!-- \/ Yoast SEO plugin. -->","yoast_head_json":{"title":"Kleine Obstb\u00e4ume f\u00fcr kleine G\u00e4rten: Sorten, Pflanzung und Pflege - Garten Schl\u00fcter","description":"Platzsparend Obst ernten: Entdecke kompakte Obstb\u00e4ume f\u00fcr kleine G\u00e4rten, Terrasse oder Balkon \u2013 mit Tipps zu Sorten, Pflanzung und Pflege.","robots":{"index":"index","follow":"follow","max-snippet":"max-snippet:-1","max-image-preview":"max-image-preview:large","max-video-preview":"max-video-preview:-1"},"canonical":"https:\/\/www.garten-schlueter.de\/blog\/obstbaeume-fuer-kleine-gaerten\/","og_locale":"de_DE","og_type":"article","og_title":"Kleine Obstb\u00e4ume f\u00fcr kleine G\u00e4rten: Sorten, Pflanzung und Pflege - Garten Schl\u00fcter","og_description":"Platzsparend Obst ernten: Entdecke kompakte Obstb\u00e4ume f\u00fcr kleine G\u00e4rten, Terrasse oder Balkon \u2013 mit Tipps zu Sorten, Pflanzung und Pflege.","og_url":"https:\/\/www.garten-schlueter.de\/blog\/obstbaeume-fuer-kleine-gaerten\/","og_site_name":"Garten Schl\u00fcter","article_published_time":"2025-05-15T10:25:19+00:00","article_modified_time":"2025-05-19T13:08:27+00:00","og_image":[{"width":350,"height":250,"url":"https:\/\/www.garten-schlueter.de\/blog\/wp-content\/uploads\/obst_vorschau.jpg","type":"image\/jpeg"}],"author":"Paula","twitter_card":"summary_large_image","twitter_misc":{"Verfasst von":"Paula","Gesch\u00e4tzte Lesezeit":"4\u00a0Minuten"},"schema":{"@context":"https:\/\/schema.org","@graph":[{"@type":"Article","@id":"https:\/\/www.garten-schlueter.de\/blog\/obstbaeume-fuer-kleine-gaerten\/#article","isPartOf":{"@id":"https:\/\/www.garten-schlueter.de\/blog\/obstbaeume-fuer-kleine-gaerten\/"},"author":{"name":"Paula","@id":"https:\/\/www.garten-schlueter.de\/blog\/#\/schema\/person\/849b1b24fdc826251035213a68255e1f"},"headline":"Kleine Obstb\u00e4ume f\u00fcr kleine G\u00e4rten: Sorten, Pflanzung und Pflege","datePublished":"2025-05-15T10:25:19+00:00","dateModified":"2025-05-19T13:08:27+00:00","mainEntityOfPage":{"@id":"https:\/\/www.garten-schlueter.de\/blog\/obstbaeume-fuer-kleine-gaerten\/"},"wordCount":464,"commentCount":6,"publisher":{"@id":"https:\/\/www.garten-schlueter.de\/blog\/#organization"},"image":{"@id":"https:\/\/www.garten-schlueter.de\/blog\/obstbaeume-fuer-kleine-gaerten\/#primaryimage"},"thumbnailUrl":"https:\/\/www.garten-schlueter.de\/blog\/wp-content\/uploads\/obst_vorschau.jpg","articleSection":["Obst","Pflanz-Ideen"],"inLanguage":"de","potentialAction":[{"@type":"CommentAction","name":"Comment","target":["https:\/\/www.garten-schlueter.de\/blog\/obstbaeume-fuer-kleine-gaerten\/#respond"]}]},{"@type":"WebPage","@id":"https:\/\/www.garten-schlueter.de\/blog\/obstbaeume-fuer-kleine-gaerten\/","url":"https:\/\/www.garten-schlueter.de\/blog\/obstbaeume-fuer-kleine-gaerten\/","name":"Kleine Obstb\u00e4ume f\u00fcr kleine G\u00e4rten: Sorten, Pflanzung und Pflege - Garten Schl\u00fcter","isPartOf":{"@id":"https:\/\/www.garten-schlueter.de\/blog\/#website"},"primaryImageOfPage":{"@id":"https:\/\/www.garten-schlueter.de\/blog\/obstbaeume-fuer-kleine-gaerten\/#primaryimage"},"image":{"@id":"https:\/\/www.garten-schlueter.de\/blog\/obstbaeume-fuer-kleine-gaerten\/#primaryimage"},"thumbnailUrl":"https:\/\/www.garten-schlueter.de\/blog\/wp-content\/uploads\/obst_vorschau.jpg","datePublished":"2025-05-15T10:25:19+00:00","dateModified":"2025-05-19T13:08:27+00:00","description":"Platzsparend Obst ernten: Entdecke kompakte Obstb\u00e4ume f\u00fcr kleine G\u00e4rten, Terrasse oder Balkon \u2013 mit Tipps zu Sorten, Pflanzung und Pflege.","breadcrumb":{"@id":"https:\/\/www.garten-schlueter.de\/blog\/obstbaeume-fuer-kleine-gaerten\/#breadcrumb"},"inLanguage":"de","potentialAction":[{"@type":"ReadAction","target":["https:\/\/www.garten-schlueter.de\/blog\/obstbaeume-fuer-kleine-gaerten\/"]}]},{"@type":"ImageObject","inLanguage":"de","@id":"https:\/\/www.garten-schlueter.de\/blog\/obstbaeume-fuer-kleine-gaerten\/#primaryimage","url":"https:\/\/www.garten-schlueter.de\/blog\/wp-content\/uploads\/obst_vorschau.jpg","contentUrl":"https:\/\/www.garten-schlueter.de\/blog\/wp-content\/uploads\/obst_vorschau.jpg","width":350,"height":250},{"@type":"BreadcrumbList","@id":"https:\/\/www.garten-schlueter.de\/blog\/obstbaeume-fuer-kleine-gaerten\/#breadcrumb","itemListElement":[{"@type":"ListItem","position":1,"name":"Startseite","item":"https:\/\/www.garten-schlueter.de\/blog\/"},{"@type":"ListItem","position":2,"name":"Kleine Obstb\u00e4ume f\u00fcr kleine G\u00e4rten: Sorten, Pflanzung und Pflege"}]},{"@type":"WebSite","@id":"https:\/\/www.garten-schlueter.de\/blog\/#website","url":"https:\/\/www.garten-schlueter.de\/blog\/","name":"Garten Schl\u00fcter","description":"","publisher":{"@id":"https:\/\/www.garten-schlueter.de\/blog\/#organization"},"potentialAction":[{"@type":"SearchAction","target":{"@type":"EntryPoint","urlTemplate":"https:\/\/www.garten-schlueter.de\/blog\/?s={search_term_string}"},"query-input":{"@type":"PropertyValueSpecification","valueRequired":true,"valueName":"search_term_string"}}],"inLanguage":"de"},{"@type":"Organization","@id":"https:\/\/www.garten-schlueter.de\/blog\/#organization","name":"Garten Schl\u00fcter","url":"https:\/\/www.garten-schlueter.de\/blog\/","logo":{"@type":"ImageObject","inLanguage":"de","@id":"https:\/\/www.garten-schlueter.de\/blog\/#\/schema\/logo\/image\/","url":"https:\/\/www.garten-schlueter.de\/blog\/wp-content\/uploads\/garten-schlueter-100.svg","contentUrl":"https:\/\/www.garten-schlueter.de\/blog\/wp-content\/uploads\/garten-schlueter-100.svg","width":507,"height":105,"caption":"Garten Schl\u00fcter"},"image":{"@id":"https:\/\/www.garten-schlueter.de\/blog\/#\/schema\/logo\/image\/"}},{"@type":"Person","@id":"https:\/\/www.garten-schlueter.de\/blog\/#\/schema\/person\/849b1b24fdc826251035213a68255e1f","name":"Paula","image":{"@type":"ImageObject","inLanguage":"de","@id":"https:\/\/secure.gravatar.com\/avatar\/476a4c26dcb23682344b3e65252216cf4171599505f0dca40ff3944b7204a89d?s=96&d=mm&r=g","url":"https:\/\/secure.gravatar.com\/avatar\/476a4c26dcb23682344b3e65252216cf4171599505f0dca40ff3944b7204a89d?s=96&d=mm&r=g","contentUrl":"https:\/\/secure.gravatar.com\/avatar\/476a4c26dcb23682344b3e65252216cf4171599505f0dca40ff3944b7204a89d?s=96&d=mm&r=g","caption":"Paula"}}]}},"_links":{"self":[{"href":"https:\/\/www.garten-schlueter.de\/blog\/wp-json\/wp\/v2\/posts\/7647","targetHints":{"allow":["GET"]}}],"collection":[{"href":"https:\/\/www.garten-schlueter.de\/blog\/wp-json\/wp\/v2\/posts"}],"about":[{"href":"https:\/\/www.garten-schlueter.de\/blog\/wp-json\/wp\/v2\/types\/post"}],"author":[{"embeddable":true,"href":"https:\/\/www.garten-schlueter.de\/blog\/wp-json\/wp\/v2\/users\/9"}],"replies":[{"embeddable":true,"href":"https:\/\/www.garten-schlueter.de\/blog\/wp-json\/wp\/v2\/comments?post=7647"}],"version-history":[{"count":16,"href":"https:\/\/www.garten-schlueter.de\/blog\/wp-json\/wp\/v2\/posts\/7647\/revisions"}],"predecessor-version":[{"id":7697,"href":"https:\/\/www.garten-schlueter.de\/blog\/wp-json\/wp\/v2\/posts\/7647\/revisions\/7697"}],"wp:featuredmedia":[{"embeddable":true,"href":"https:\/\/www.garten-schlueter.de\/blog\/wp-json\/wp\/v2\/media\/7669"}],"wp:attachment":[{"href":"https:\/\/www.garten-schlueter.de\/blog\/wp-json\/wp\/v2\/media?parent=7647"}],"wp:term":[{"taxonomy":"category","embeddable":true,"href":"https:\/\/www.garten-schlueter.de\/blog\/wp-json\/wp\/v2\/categories?post=7647"},{"taxonomy":"post_tag","embeddable":true,"href":"https:\/\/www.garten-schlueter.de\/blog\/wp-json\/wp\/v2\/tags?post=7647"}],"curies":[{"name":"wp","href":"https:\/\/api.w.org\/{rel}","templated":true}]}}