{"id":7290,"date":"2025-02-11T12:49:42","date_gmt":"2025-02-11T12:49:42","guid":{"rendered":"https:\/\/schlueter-dev.nfapp.de\/blog\/?p=7290"},"modified":"2025-02-12T09:24:53","modified_gmt":"2025-02-12T09:24:53","slug":"hecken-richtig-umpflanzen","status":"publish","type":"post","link":"https:\/\/www.garten-schlueter.de\/blog\/hecken-richtig-umpflanzen\/","title":{"rendered":"Hecken richtig umpflanzen"},"content":{"rendered":"\t\t<div data-elementor-type=\"wp-post\" data-elementor-id=\"7290\" class=\"elementor elementor-7290\" data-elementor-post-type=\"post\">\n\t\t\t\t<div class=\"elementor-element elementor-element-43aa59d e-flex e-con-boxed e-con e-parent\" data-id=\"43aa59d\" data-element_type=\"container\" data-e-type=\"container\">\n\t\t\t\t\t<div class=\"e-con-inner\">\n\t\t\t\t<div class=\"elementor-element elementor-element-578963c elementor-widget elementor-widget-heading\" data-id=\"578963c\" data-element_type=\"widget\" data-e-type=\"widget\" data-widget_type=\"heading.default\">\n\t\t\t\t<div class=\"elementor-widget-container\">\n\t\t\t\t\t<h1 class=\"elementor-heading-title elementor-size-default\">Hecken richtig umpflanzen<\/h1>\t\t\t\t<\/div>\n\t\t\t\t<\/div>\n\t\t\t\t<div class=\"elementor-element elementor-element-0706503 elementor-widget elementor-widget-text-editor\" data-id=\"0706503\" data-element_type=\"widget\" data-e-type=\"widget\" data-widget_type=\"text-editor.default\">\n\t\t\t\t<div class=\"elementor-widget-container\">\n\t\t\t\t\t\t\t\t\t<p>Ob Umgestaltung des Gartens oder Standortwechsel \u2013 mit der richtigen Technik l\u00e4sst sich eine Hecke erfolgreich versetzen. Hier erf\u00e4hrst du, worauf du achten solltest und wie es am besten gelingt.<\/p>\t\t\t\t\t\t\t\t<\/div>\n\t\t\t\t<\/div>\n\t\t\t\t\t<\/div>\n\t\t\t\t<\/div>\n\t\t<div class=\"elementor-element elementor-element-b2c8df1 e-flex e-con-boxed e-con e-parent\" data-id=\"b2c8df1\" data-element_type=\"container\" data-e-type=\"container\" data-settings=\"{&quot;background_background&quot;:&quot;classic&quot;}\">\n\t\t\t\t\t<div class=\"e-con-inner\">\n\t\t\t\t<div class=\"elementor-element elementor-element-7329433 elementor-widget elementor-widget-image\" data-id=\"7329433\" data-element_type=\"widget\" data-e-type=\"widget\" data-widget_type=\"image.default\">\n\t\t\t\t<div class=\"elementor-widget-container\">\n\t\t\t\t\t\t\t\t\t\t\t\t\t\t\t<img decoding=\"async\" src=\"https:\/\/www.garten-schlueter.de\/blog\/wp-content\/uploads\/elementor\/thumbs\/vorschau-21-r1ckn0qocc4o131lctk6ptccm3vl0wjwjdq5s7tnbs.jpg\" title=\"vorschau\" alt=\"Eine Laubhecke\" loading=\"lazy\" \/>\t\t\t\t\t\t\t\t\t\t\t\t\t\t\t<\/div>\n\t\t\t\t<\/div>\n\t\t<div class=\"elementor-element elementor-element-c6faafd e-con-full e-flex e-con e-child\" data-id=\"c6faafd\" data-element_type=\"container\" data-e-type=\"container\">\n\t\t\t\t<div class=\"elementor-element elementor-element-287de26 elementor-widget elementor-widget-text-editor\" data-id=\"287de26\" data-element_type=\"widget\" data-e-type=\"widget\" data-widget_type=\"text-editor.default\">\n\t\t\t\t<div class=\"elementor-widget-container\">\n\t\t\t\t\t\t\t\t\t<p>Das Umpflanzen einer <a href=\"\/gehoelze\/hecken\/\">Hecke<\/a> kann aus verschiedenen Gr\u00fcnden notwendig werden. Ob eine <strong data-start=\"142\" data-end=\"164\">Gartenumgestaltung<\/strong> ansteht oder ein Standort nicht mehr optimal ist \u2013 in vielen F\u00e4llen lassen sich Heckenpflanzen erfolgreich versetzen. Besonders <strong data-start=\"293\" data-end=\"358\"><a href=\"\/lebensbaum-smaragd-10-5-cm-topf-15-30-cm\/68675\">Lebensb\u00e4ume<\/a>, <a href=\"\/ovalblaettriger-liguster-wz-2-3-triebig-30-50-cm\/90163\">Liguster<\/a>, <a href=\"\/stechpalme-ilex-heckenstar-3-liter-container-30-40-cm\/68417\">Stechpalme<\/a>, <a href=\"\/buchsbaum-topfballen-15-20-cm\/80480\">Buchsbaum <\/a><\/strong>und <strong data-start=\"293\" data-end=\"358\"><a href=\"\/gehoelze\/laubgehoelze-nach-arten\/rhododendron-azaleen\/\">Rhododendren<\/a><\/strong> vertragen das Umpflanzen gut. Andere, wie <a href=\"\/duftender-zwerg-ginster-osiris\/61472\">Ginster<\/a>, <a href=\"\/zaubernuss-harry-c5-40-60\/63233\">Zaubernuss<\/a> oder <a href=\"\/japanischer-faecherahorn-osakazuki-3-liter-container-30-40-cm\/69500\">japanischer Ahorn<\/a>, reagieren empfindlicher auf den Standortwechsel.<\/p>\t\t\t\t\t\t\t\t<\/div>\n\t\t\t\t<\/div>\n\t\t\t\t<div class=\"elementor-element elementor-element-1f382bc elementor-widget elementor-widget-text-editor\" data-id=\"1f382bc\" data-element_type=\"widget\" data-e-type=\"widget\" data-widget_type=\"text-editor.default\">\n\t\t\t\t<div class=\"elementor-widget-container\">\n\t\t\t\t\t\t\t\t\t<p>Generell gilt: <strong data-start=\"516\" data-end=\"571\">Je j\u00fcnger die Pflanze, desto einfacher das Umsetzen<\/strong>. In den ersten <strong data-start=\"587\" data-end=\"611\">drei bis vier Jahren<\/strong> l\u00e4sst sich eine Hecke meist noch problemlos ausgraben und neu einpflanzen. \u00c4ltere Geh\u00f6lze haben tiefere Wurzeln, sodass das Versetzen mehr Aufwand erfordert und zwangsl\u00e4ufig zu Wurzelverletzungen f\u00fchrt. Mit der richtigen Vorbereitung und Pflege kann das Umpflanzen dennoch gelingen.<\/p>\t\t\t\t\t\t\t\t<\/div>\n\t\t\t\t<\/div>\n\t\t\t\t<div class=\"elementor-element elementor-element-aeb0f3a elementor-widget__width-initial elementor-widget elementor-widget-heading\" data-id=\"aeb0f3a\" data-element_type=\"widget\" data-e-type=\"widget\" data-widget_type=\"heading.default\">\n\t\t\t\t<div class=\"elementor-widget-container\">\n\t\t\t\t\t<h2 class=\"elementor-heading-title elementor-size-default\">Wie wird eine Hecke umgepflanzt?<\/h2>\t\t\t\t<\/div>\n\t\t\t\t<\/div>\n\t\t\t\t<div class=\"elementor-element elementor-element-bc12970 elementor-widget elementor-widget-image\" data-id=\"bc12970\" data-element_type=\"widget\" data-e-type=\"widget\" data-widget_type=\"image.default\">\n\t\t\t\t<div class=\"elementor-widget-container\">\n\t\t\t\t\t\t\t\t\t\t\t\t\t\t\t<img fetchpriority=\"high\" decoding=\"async\" width=\"800\" height=\"480\" src=\"https:\/\/www.garten-schlueter.de\/blog\/wp-content\/uploads\/gepflanzte-hecke.jpg\" class=\"attachment-large size-large wp-image-7294\" alt=\"\" srcset=\"https:\/\/www.garten-schlueter.de\/blog\/wp-content\/uploads\/gepflanzte-hecke.jpg 1000w, https:\/\/www.garten-schlueter.de\/blog\/wp-content\/uploads\/gepflanzte-hecke-300x180.jpg 300w, https:\/\/www.garten-schlueter.de\/blog\/wp-content\/uploads\/gepflanzte-hecke-768x461.jpg 768w\" sizes=\"(max-width: 800px) 100vw, 800px\" \/>\t\t\t\t\t\t\t\t\t\t\t\t\t\t\t<\/div>\n\t\t\t\t<\/div>\n\t\t\t\t<div class=\"elementor-element elementor-element-df8d770 elementor-widget elementor-widget-heading\" data-id=\"df8d770\" data-element_type=\"widget\" data-e-type=\"widget\" data-widget_type=\"heading.default\">\n\t\t\t\t<div class=\"elementor-widget-container\">\n\t\t\t\t\t<h3 class=\"elementor-heading-title elementor-size-default\">1. Der beste Zeitpunkt zum Umpflanzen<\/h3>\t\t\t\t<\/div>\n\t\t\t\t<\/div>\n\t\t\t\t<div class=\"elementor-element elementor-element-d98bdd6 elementor-widget elementor-widget-text-editor\" data-id=\"d98bdd6\" data-element_type=\"widget\" data-e-type=\"widget\" data-widget_type=\"text-editor.default\">\n\t\t\t\t<div class=\"elementor-widget-container\">\n\t\t\t\t\t\t\t\t\t<p>Ideal ist der <strong data-start=\"1008\" data-end=\"1018\">Herbst<\/strong>, bis der Frost einsetzt. In dieser Zeit befindet sich die Pflanze in einer <strong data-start=\"1094\" data-end=\"1107\">Ruhephase<\/strong>, sodass sie im Winter Zeit hat, neue Wurzeln zu bilden. So kann sie im Fr\u00fchling mit frischer Energie austreiben. Auch eine <strong data-start=\"1231\" data-end=\"1253\">Fr\u00fchjahrspflanzung<\/strong> ist m\u00f6glich, allerdings sollte zuvor gepr\u00fcft werden, ob sich <strong data-start=\"1315\" data-end=\"1330\">Vogelnester<\/strong> in der Hecke befinden. Wird eine Hecke im Fr\u00fchling versetzt, kann es sein, dass sie im ersten Jahr keine Bl\u00fcten tr\u00e4gt, da die Pflanze ihre Kraft auf das Wurzelwachstum konzentriert.<\/p>\t\t\t\t\t\t\t\t<\/div>\n\t\t\t\t<\/div>\n\t\t\t\t<div class=\"elementor-element elementor-element-1488465 elementor-widget elementor-widget-text-editor\" data-id=\"1488465\" data-element_type=\"widget\" data-e-type=\"widget\" data-widget_type=\"text-editor.default\">\n\t\t\t\t<div class=\"elementor-widget-container\">\n\t\t\t\t\t\t\t\t\t<p>Das Umpflanzen in den Sommermonaten ist theoretisch machbar, jedoch mit <strong data-start=\"1588\" data-end=\"1607\">h\u00f6herem Aufwand<\/strong> verbunden. Die Pflanzen ben\u00f6tigen dann besonders viel Wasser und Schutz vor direkter Sonneneinstrahlung.<\/p>\t\t\t\t\t\t\t\t<\/div>\n\t\t\t\t<\/div>\n\t\t\t\t<div class=\"elementor-element elementor-element-052085d elementor-widget elementor-widget-heading\" data-id=\"052085d\" data-element_type=\"widget\" data-e-type=\"widget\" data-widget_type=\"heading.default\">\n\t\t\t\t<div class=\"elementor-widget-container\">\n\t\t\t\t\t<h3 class=\"elementor-heading-title elementor-size-default\">2. Neuen Standort vorbereiten<\/h3>\t\t\t\t<\/div>\n\t\t\t\t<\/div>\n\t\t\t\t<div class=\"elementor-element elementor-element-52d6371 elementor-widget elementor-widget-image\" data-id=\"52d6371\" data-element_type=\"widget\" data-e-type=\"widget\" data-widget_type=\"image.default\">\n\t\t\t\t<div class=\"elementor-widget-container\">\n\t\t\t\t\t\t\t\t\t\t\t\t\t\t\t<img decoding=\"async\" width=\"800\" height=\"480\" src=\"https:\/\/www.garten-schlueter.de\/blog\/wp-content\/uploads\/hecke.jpg\" class=\"attachment-large size-large wp-image-7295\" alt=\"Hecken Spitzen\" srcset=\"https:\/\/www.garten-schlueter.de\/blog\/wp-content\/uploads\/hecke.jpg 1000w, https:\/\/www.garten-schlueter.de\/blog\/wp-content\/uploads\/hecke-300x180.jpg 300w, https:\/\/www.garten-schlueter.de\/blog\/wp-content\/uploads\/hecke-768x461.jpg 768w\" sizes=\"(max-width: 800px) 100vw, 800px\" \/>\t\t\t\t\t\t\t\t\t\t\t\t\t\t\t<\/div>\n\t\t\t\t<\/div>\n\t\t\t\t<div class=\"elementor-element elementor-element-547b200 elementor-widget elementor-widget-text-editor\" data-id=\"547b200\" data-element_type=\"widget\" data-e-type=\"widget\" data-widget_type=\"text-editor.default\">\n\t\t\t\t<div class=\"elementor-widget-container\">\n\t\t\t\t\t\t\t\t\t<p>Bevor die Hecke ausgegraben wird, sollte der neue Standort vorbereitet werden. Dazu wird ein <strong data-start=\"1852\" data-end=\"1873\">Graben ausgehoben<\/strong>, in den die Pflanzen sp\u00e4ter eingesetzt werden. Der Aushub wird mit <strong data-start=\"1941\" data-end=\"1952\">Kompost<\/strong> vermischt, um die Bodenqualit\u00e4t zu verbessern. Im <strong data-start=\"2003\" data-end=\"2015\">Fr\u00fchjahr<\/strong> kann zus\u00e4tzlich <a href=\"\/zubehoer\/duenger\/?order=nfsw-sorting-jtl-prioritaetsortierung&amp;p=1&amp;properties=53253f0cc96a475bbc354d942daa6c4f\"><strong data-start=\"2032\" data-end=\"2043\">ged\u00fcngt<\/strong><\/a> werden. Wichtig ist, dass ausreichend <strong data-start=\"2082\" data-end=\"2092\">Wasser<\/strong> f\u00fcr das Angie\u00dfen bereitsteht.<\/p>\t\t\t\t\t\t\t\t<\/div>\n\t\t\t\t<\/div>\n\t\t\t\t<div class=\"elementor-element elementor-element-dae2d88 elementor-widget elementor-widget-heading\" data-id=\"dae2d88\" data-element_type=\"widget\" data-e-type=\"widget\" data-widget_type=\"heading.default\">\n\t\t\t\t<div class=\"elementor-widget-container\">\n\t\t\t\t\t<h3 class=\"elementor-heading-title elementor-size-default\">3. R\u00fcckschnitt vor dem Ausgraben<\/h3>\t\t\t\t<\/div>\n\t\t\t\t<\/div>\n\t\t\t\t<div class=\"elementor-element elementor-element-9cdafc3 elementor-widget elementor-widget-text-editor\" data-id=\"9cdafc3\" data-element_type=\"widget\" data-e-type=\"widget\" data-widget_type=\"text-editor.default\">\n\t\t\t\t<div class=\"elementor-widget-container\">\n\t\t\t\t\t\t\t\t\t<p>Vor dem Versetzen der Hecke kann ein <strong data-start=\"2205\" data-end=\"2231\">R\u00fcck- oder Formschnitt<\/strong> erfolgen. Bei einigen Pflanzen ist auch ein <strong data-start=\"2276\" data-end=\"2301\">st\u00e4rkerer R\u00fcckschnitt<\/strong> m\u00f6glich. Durch das Entfernen von Zweigen wird das <strong data-start=\"2352\" data-end=\"2398\">Verh\u00e4ltnis zwischen Wurzeln und Blattmasse<\/strong> verbessert. Da beim Ausgraben nur ein Teil des Wurzelwerks erhalten bleibt, w\u00fcrde die Pflanze ohne R\u00fcckschnitt zu viel Wasser \u00fcber die Bl\u00e4tter verdunsten. Zudem erleichtert ein kompakter Wuchs das Handling beim Transport.<\/p>\t\t\t\t\t\t\t\t<\/div>\n\t\t\t\t<\/div>\n\t\t\t\t<div class=\"elementor-element elementor-element-a23dbcf elementor-widget elementor-widget-heading\" data-id=\"a23dbcf\" data-element_type=\"widget\" data-e-type=\"widget\" data-widget_type=\"heading.default\">\n\t\t\t\t<div class=\"elementor-widget-container\">\n\t\t\t\t\t<h3 class=\"elementor-heading-title elementor-size-default\">4. Wurzelballen ausheben<\/h3>\t\t\t\t<\/div>\n\t\t\t\t<\/div>\n\t\t\t\t<div class=\"elementor-element elementor-element-6a2f2f1 elementor-widget elementor-widget-text-editor\" data-id=\"6a2f2f1\" data-element_type=\"widget\" data-e-type=\"widget\" data-widget_type=\"text-editor.default\">\n\t\t\t\t<div class=\"elementor-widget-container\">\n\t\t\t\t\t\t\t\t\t<p>Mit einem <strong data-start=\"2668\" data-end=\"2678\">Spaten<\/strong> wird rund um die Pflanze ein gro\u00dfz\u00fcgiger Ballen abgetrennt. Die Gr\u00f6\u00dfe richtet sich nach der Pflanze \u2013 gr\u00f6\u00dfere Exemplare k\u00f6nnen <strong data-start=\"2806\" data-end=\"2857\">Wurzelballen von bis zu einem Meter Durchmesser<\/strong> haben.<\/p>\t\t\t\t\t\t\t\t<\/div>\n\t\t\t\t<\/div>\n\t\t\t\t<div class=\"elementor-element elementor-element-cbdc2e6 elementor-widget elementor-widget-heading\" data-id=\"cbdc2e6\" data-element_type=\"widget\" data-e-type=\"widget\" data-widget_type=\"heading.default\">\n\t\t\t\t<div class=\"elementor-widget-container\">\n\t\t\t\t\t<h3 class=\"elementor-heading-title elementor-size-default\">5. Wurzel eink\u00fcrzen<\/h3>\t\t\t\t<\/div>\n\t\t\t\t<\/div>\n\t\t\t\t<div class=\"elementor-element elementor-element-26dc425 elementor-widget elementor-widget-text-editor\" data-id=\"26dc425\" data-element_type=\"widget\" data-e-type=\"widget\" data-widget_type=\"text-editor.default\">\n\t\t\t\t<div class=\"elementor-widget-container\">\n\t\t\t\t\t\t\t\t\t<p>Nach dem Ausgraben werden <strong data-start=\"2924\" data-end=\"2998\">\u00fcberstehende Wurzeln mit einer Gartenschere auf gleiche L\u00e4nge gebracht<\/strong>. Dabei ist es wichtig, m\u00f6glichst viele <strong data-start=\"3038\" data-end=\"3060\">feine Faserwurzeln<\/strong> zu erhalten, da sie f\u00fcr die Wasser- und N\u00e4hrstoffaufnahme entscheidend sind.<\/p>\t\t\t\t\t\t\t\t<\/div>\n\t\t\t\t<\/div>\n\t\t\t\t<div class=\"elementor-element elementor-element-7797def elementor-widget elementor-widget-heading\" data-id=\"7797def\" data-element_type=\"widget\" data-e-type=\"widget\" data-widget_type=\"heading.default\">\n\t\t\t\t<div class=\"elementor-widget-container\">\n\t\t\t\t\t<h3 class=\"elementor-heading-title elementor-size-default\">6. Transport der Hecke<\/h3>\t\t\t\t<\/div>\n\t\t\t\t<\/div>\n\t\t\t\t<div class=\"elementor-element elementor-element-5db3c87 elementor-widget elementor-widget-text-editor\" data-id=\"5db3c87\" data-element_type=\"widget\" data-e-type=\"widget\" data-widget_type=\"text-editor.default\">\n\t\t\t\t<div class=\"elementor-widget-container\">\n\t\t\t\t\t\t\t\t\t<p>Bei einer <strong data-start=\"3183\" data-end=\"3218\">Umsetzung innerhalb des Gartens<\/strong> reicht es, die Pflanzen mit einer <strong data-start=\"3253\" data-end=\"3267\">Schubkarre<\/strong> zum neuen Standort zu transportieren. Sollen sie jedoch \u00fcber eine l\u00e4ngere Strecke bewegt werden, m\u00fcssen die <strong data-start=\"3376\" data-end=\"3397\">Wurzeln gesch\u00fctzt<\/strong> werden. Besonders empfindlich sind die feinen Faserwurzeln. Ein <strong data-start=\"3462\" data-end=\"3476\">Leinensack<\/strong> bietet effektiven Schutz vor Austrocknung und Besch\u00e4digung.<\/p>\t\t\t\t\t\t\t\t<\/div>\n\t\t\t\t<\/div>\n\t\t\t\t<div class=\"elementor-element elementor-element-5bb359c elementor-widget elementor-widget-heading\" data-id=\"5bb359c\" data-element_type=\"widget\" data-e-type=\"widget\" data-widget_type=\"heading.default\">\n\t\t\t\t<div class=\"elementor-widget-container\">\n\t\t\t\t\t<h3 class=\"elementor-heading-title elementor-size-default\">7. Einpflanzen am neuen Standort<\/h3>\t\t\t\t<\/div>\n\t\t\t\t<\/div>\n\t\t\t\t<div class=\"elementor-element elementor-element-827c734 elementor-widget elementor-widget-text-editor\" data-id=\"827c734\" data-element_type=\"widget\" data-e-type=\"widget\" data-widget_type=\"text-editor.default\">\n\t\t\t\t<div class=\"elementor-widget-container\">\n\t\t\t\t\t\t\t\t\t<p data-start=\"3582\" data-end=\"3699\">Das Einsetzen der Hecke erfolgt nach den \u00fcblichen Pflanzregeln. Eine detaillierte Anleitung ist hier zu finden.<\/p>\t\t\t\t\t\t\t\t<\/div>\n\t\t\t\t<\/div>\n\t\t\t\t<div class=\"elementor-element elementor-element-0129b9f elementor-widget__width-initial elementor-widget elementor-widget-heading\" data-id=\"0129b9f\" data-element_type=\"widget\" data-e-type=\"widget\" data-widget_type=\"heading.default\">\n\t\t\t\t<div class=\"elementor-widget-container\">\n\t\t\t\t\t<h2 class=\"elementor-heading-title elementor-size-default\">Was ist nach dem Umpflanzen zu beachten?<\/h2>\t\t\t\t<\/div>\n\t\t\t\t<\/div>\n\t\t\t\t<div class=\"elementor-element elementor-element-5c7805a elementor-widget elementor-widget-image\" data-id=\"5c7805a\" data-element_type=\"widget\" data-e-type=\"widget\" data-widget_type=\"image.default\">\n\t\t\t\t<div class=\"elementor-widget-container\">\n\t\t\t\t\t\t\t\t\t\t\t\t\t\t\t<img decoding=\"async\" width=\"800\" height=\"480\" src=\"https:\/\/www.garten-schlueter.de\/blog\/wp-content\/uploads\/hecke3.jpg\" class=\"attachment-large size-large wp-image-7296\" alt=\"\" srcset=\"https:\/\/www.garten-schlueter.de\/blog\/wp-content\/uploads\/hecke3.jpg 1000w, https:\/\/www.garten-schlueter.de\/blog\/wp-content\/uploads\/hecke3-300x180.jpg 300w, https:\/\/www.garten-schlueter.de\/blog\/wp-content\/uploads\/hecke3-768x461.jpg 768w\" sizes=\"(max-width: 800px) 100vw, 800px\" \/>\t\t\t\t\t\t\t\t\t\t\t\t\t\t\t<\/div>\n\t\t\t\t<\/div>\n\t\t\t\t<div class=\"elementor-element elementor-element-7a761eb elementor-widget elementor-widget-heading\" data-id=\"7a761eb\" data-element_type=\"widget\" data-e-type=\"widget\" data-widget_type=\"heading.default\">\n\t\t\t\t<div class=\"elementor-widget-container\">\n\t\t\t\t\t<h3 class=\"elementor-heading-title elementor-size-default\">1. Stabilisierung der Hecke<\/h3>\t\t\t\t<\/div>\n\t\t\t\t<\/div>\n\t\t\t\t<div class=\"elementor-element elementor-element-446c4fb elementor-widget elementor-widget-text-editor\" data-id=\"446c4fb\" data-element_type=\"widget\" data-e-type=\"widget\" data-widget_type=\"text-editor.default\">\n\t\t\t\t<div class=\"elementor-widget-container\">\n\t\t\t\t\t\t\t\t\t<p>H\u00f6here Heckenpflanzen oder solche, die an einem <strong data-start=\"3843\" data-end=\"3864\">windigen Standort<\/strong> wachsen, ben\u00f6tigen eine <strong data-start=\"3889\" data-end=\"3919\">zus\u00e4tzliche Stabilisierung<\/strong>. Besonders frisch umgesetzte Pflanzen k\u00f6nnen durch starke B\u00f6en bewegt oder sogar umgeworfen werden. In diesem Fall helfen <strong data-start=\"4042\" data-end=\"4063\">Pfosten und Seile<\/strong>, um die Hecke w\u00e4hrend der Anwachsphase zu fixieren.<\/p>\t\t\t\t\t\t\t\t<\/div>\n\t\t\t\t<\/div>\n\t\t\t\t<div class=\"elementor-element elementor-element-ea95b7d elementor-widget elementor-widget-heading\" data-id=\"ea95b7d\" data-element_type=\"widget\" data-e-type=\"widget\" data-widget_type=\"heading.default\">\n\t\t\t\t<div class=\"elementor-widget-container\">\n\t\t\t\t\t<h3 class=\"elementor-heading-title elementor-size-default\">2. Ausreichende Bew\u00e4sserung<\/h3>\t\t\t\t<\/div>\n\t\t\t\t<\/div>\n\t\t\t\t<div class=\"elementor-element elementor-element-7e70591 elementor-widget elementor-widget-text-editor\" data-id=\"7e70591\" data-element_type=\"widget\" data-e-type=\"widget\" data-widget_type=\"text-editor.default\">\n\t\t\t\t<div class=\"elementor-widget-container\">\n\t\t\t\t\t\t\t\t\t<p>Nach dem Versetzen ist eine <strong data-start=\"4184\" data-end=\"4209\">intensive Bew\u00e4sserung<\/strong> entscheidend. Die Pflanzen haben vor\u00fcbergehend <strong data-start=\"4257\" data-end=\"4276\">weniger Wurzeln<\/strong>, um Wasser aufzunehmen. Gleichzeitig muss der feuchte Boden helfen, die Wurzeln schnell zu verankern. Ein gleichm\u00e4\u00dfiges Gie\u00dfen sorgt daf\u00fcr, dass die Hecke m\u00f6glichst schnell wieder mit N\u00e4hrstoffen versorgt wird.<\/p>\t\t\t\t\t\t\t\t<\/div>\n\t\t\t\t<\/div>\n\t\t\t\t<div class=\"elementor-element elementor-element-0df9a8b elementor-widget elementor-widget-heading\" data-id=\"0df9a8b\" data-element_type=\"widget\" data-e-type=\"widget\" data-widget_type=\"heading.default\">\n\t\t\t\t<div class=\"elementor-widget-container\">\n\t\t\t\t\t<h3 class=\"elementor-heading-title elementor-size-default\">3. Schutzma\u00dfnahmen<\/h3>\t\t\t\t<\/div>\n\t\t\t\t<\/div>\n\t\t\t\t<div class=\"elementor-element elementor-element-a3f1917 elementor-widget elementor-widget-text-editor\" data-id=\"a3f1917\" data-element_type=\"widget\" data-e-type=\"widget\" data-widget_type=\"text-editor.default\">\n\t\t\t\t<div class=\"elementor-widget-container\">\n\t\t\t\t\t\t\t\t\t<p data-start=\"4519\" data-end=\"4805\">Frisch umgesetzte Pflanzen sind besonders empfindlich gegen\u00fcber <strong data-start=\"4583\" data-end=\"4607\">Witterungseinfl\u00fcssen<\/strong>. Steht <strong data-start=\"4615\" data-end=\"4624\">Frost<\/strong> bevor, kann ein <strong data-start=\"4641\" data-end=\"4662\"><a href=\"\/schweres-garten-wintervlies-30g-m2-2-x-5-m\/15241\">Vlies<\/a> oder Reisig<\/strong> aufgebracht werden. Ebenso ist Schutz n\u00f6tig, wenn nach dem R\u00fcckschnitt eine <strong data-start=\"4739\" data-end=\"4768\">starke Sonneneinstrahlung<\/strong> auf die freiliegenden \u00c4ste trifft.<\/p>\t\t\t\t\t\t\t\t<\/div>\n\t\t\t\t<\/div>\n\t\t\t\t<div class=\"elementor-element elementor-element-38d51dc elementor-widget__width-initial elementor-widget elementor-widget-heading\" data-id=\"38d51dc\" data-element_type=\"widget\" data-e-type=\"widget\" data-widget_type=\"heading.default\">\n\t\t\t\t<div class=\"elementor-widget-container\">\n\t\t\t\t\t<h2 class=\"elementor-heading-title elementor-size-default\">Hecke vollst\u00e4ndig entfernen<\/h2>\t\t\t\t<\/div>\n\t\t\t\t<\/div>\n\t\t\t\t<div class=\"elementor-element elementor-element-95eddec elementor-widget elementor-widget-text-editor\" data-id=\"95eddec\" data-element_type=\"widget\" data-e-type=\"widget\" data-widget_type=\"text-editor.default\">\n\t\t\t\t<div class=\"elementor-widget-container\">\n\t\t\t\t\t\t\t\t\t<p>In manchen F\u00e4llen soll eine Hecke nicht umgepflanzt, sondern vollst\u00e4ndig entfernt werden. Mit zunehmendem Alter und Gr\u00f6\u00dfe der Heckenpflanzen wird dieses Vorhaben schwieriger. Ein einfaches Herausziehen der Pflanzen ist meist nicht ausreichend, da verbliebene Wurzeln <strong data-start=\"5118\" data-end=\"5139\">erneut austreiben<\/strong> k\u00f6nnen.<\/p>\t\t\t\t\t\t\t\t<\/div>\n\t\t\t\t<\/div>\n\t\t\t\t<div class=\"elementor-element elementor-element-a5f0bea elementor-widget elementor-widget-heading\" data-id=\"a5f0bea\" data-element_type=\"widget\" data-e-type=\"widget\" data-widget_type=\"heading.default\">\n\t\t\t\t<div class=\"elementor-widget-container\">\n\t\t\t\t\t<h3 class=\"elementor-heading-title elementor-size-default\">1. Zur\u00fcckschneiden<\/h3>\t\t\t\t<\/div>\n\t\t\t\t<\/div>\n\t\t\t\t<div class=\"elementor-element elementor-element-f89cff1 elementor-widget elementor-widget-text-editor\" data-id=\"f89cff1\" data-element_type=\"widget\" data-e-type=\"widget\" data-widget_type=\"text-editor.default\">\n\t\t\t\t<div class=\"elementor-widget-container\">\n\t\t\t\t\t\t\t\t\t<p>Die Hecke wird m\u00f6glichst weit <strong data-start=\"5228\" data-end=\"5251\">heruntergeschnitten<\/strong>, um den Zugang zu den Wurzeln zu erleichtern. Je nach Dicke der \u00c4ste kann eine <strong data-start=\"5331\" data-end=\"5406\"><a href=\"\/nelson-garden-heckenschere-63-cm\/88387\">Gartenschere<\/a>, S\u00e4ge oder bei stark verholzten Strukturen eine Kettens\u00e4ge<\/strong> eingesetzt werden.<\/p>\t\t\t\t\t\t\t\t<\/div>\n\t\t\t\t<\/div>\n\t\t\t\t<div class=\"elementor-element elementor-element-93103b7 elementor-widget elementor-widget-heading\" data-id=\"93103b7\" data-element_type=\"widget\" data-e-type=\"widget\" data-widget_type=\"heading.default\">\n\t\t\t\t<div class=\"elementor-widget-container\">\n\t\t\t\t\t<h3 class=\"elementor-heading-title elementor-size-default\">2. Wurzeln kappen<\/h3>\t\t\t\t<\/div>\n\t\t\t\t<\/div>\n\t\t\t\t<div class=\"elementor-element elementor-element-33f0efb elementor-widget elementor-widget-text-editor\" data-id=\"33f0efb\" data-element_type=\"widget\" data-e-type=\"widget\" data-widget_type=\"text-editor.default\">\n\t\t\t\t<div class=\"elementor-widget-container\">\n\t\t\t\t\t\t\t\t\t<p>Mit einem <strong data-start=\"5477\" data-end=\"5502\"><a href=\"\/spaten-83-cm\/15676\">Spaten<\/a> oder einer Axt<\/strong> werden die Wurzeln rund um die Pflanze abgetrennt.<\/p>\t\t\t\t\t\t\t\t<\/div>\n\t\t\t\t<\/div>\n\t\t\t\t<div class=\"elementor-element elementor-element-c6cc23e elementor-widget elementor-widget-heading\" data-id=\"c6cc23e\" data-element_type=\"widget\" data-e-type=\"widget\" data-widget_type=\"heading.default\">\n\t\t\t\t<div class=\"elementor-widget-container\">\n\t\t\t\t\t<h3 class=\"elementor-heading-title elementor-size-default\">3.1 Stumpf ausgraben<\/h3>\t\t\t\t<\/div>\n\t\t\t\t<\/div>\n\t\t\t\t<div class=\"elementor-element elementor-element-56e456f elementor-widget elementor-widget-text-editor\" data-id=\"56e456f\" data-element_type=\"widget\" data-e-type=\"widget\" data-widget_type=\"text-editor.default\">\n\t\t\t\t<div class=\"elementor-widget-container\">\n\t\t\t\t\t\t\t\t\t<p>Nachdem die Wurzeln gelockert wurden, kann die Pflanze <strong data-start=\"5652\" data-end=\"5677\">m\u00f6glichst gro\u00dffl\u00e4chig<\/strong> ausgegraben werden. Besonders kr\u00e4ftige St\u00e4mme lassen sich mit einer <strong data-start=\"5746\" data-end=\"5766\">Wurzelstockfr\u00e4se<\/strong> oder mithilfe eines <strong data-start=\"5787\" data-end=\"5799\">Seilzugs<\/strong> entfernen.<\/p>\t\t\t\t\t\t\t\t<\/div>\n\t\t\t\t<\/div>\n\t\t\t\t<div class=\"elementor-element elementor-element-6040b46 elementor-widget elementor-widget-heading\" data-id=\"6040b46\" data-element_type=\"widget\" data-e-type=\"widget\" data-widget_type=\"heading.default\">\n\t\t\t\t<div class=\"elementor-widget-container\">\n\t\t\t\t\t<h3 class=\"elementor-heading-title elementor-size-default\">3.2 Alternativ den Stumpf verroten lassen<\/h3>\t\t\t\t<\/div>\n\t\t\t\t<\/div>\n\t\t\t\t<div class=\"elementor-element elementor-element-6a811ca elementor-widget elementor-widget-text-editor\" data-id=\"6a811ca\" data-element_type=\"widget\" data-e-type=\"widget\" data-widget_type=\"text-editor.default\">\n\t\t\t\t<div class=\"elementor-widget-container\">\n\t\t\t\t\t\t\t\t\t<p>L\u00e4sst sich der Stumpf nicht komplett entfernen, kann die Verrottung beschleunigt werden. Dazu werden <strong data-start=\"5977\" data-end=\"6015\">tiefe L\u00f6cher in den Stumpf gebohrt<\/strong> oder <strong data-start=\"6021\" data-end=\"6058\">L\u00e4ngs- und Querstreifen einges\u00e4gt<\/strong>. Das Einbringen von <strong data-start=\"6079\" data-end=\"6090\">Kompost<\/strong> f\u00f6rdert die Zersetzung durch Pilze.<\/p>\t\t\t\t\t\t\t\t<\/div>\n\t\t\t\t<\/div>\n\t\t\t\t<div class=\"elementor-element elementor-element-e42a9fc elementor-position-inline-start nfg-infobox elementor-view-default elementor-mobile-position-block-start elementor-widget elementor-widget-icon-box\" data-id=\"e42a9fc\" data-element_type=\"widget\" data-e-type=\"widget\" data-widget_type=\"icon-box.default\">\n\t\t\t\t<div class=\"elementor-widget-container\">\n\t\t\t\t\t\t\t<div class=\"elementor-icon-box-wrapper\">\n\n\t\t\t\t\t\t<div class=\"elementor-icon-box-icon\">\n\t\t\t\t<span  class=\"elementor-icon\">\n\t\t\t\t<svg aria-hidden=\"true\" class=\"e-font-icon-svg e-fas-info-circle\" viewBox=\"0 0 512 512\" xmlns=\"http:\/\/www.w3.org\/2000\/svg\"><path d=\"M256 8C119.043 8 8 119.083 8 256c0 136.997 111.043 248 248 248s248-111.003 248-248C504 119.083 392.957 8 256 8zm0 110c23.196 0 42 18.804 42 42s-18.804 42-42 42-42-18.804-42-42 18.804-42 42-42zm56 254c0 6.627-5.373 12-12 12h-88c-6.627 0-12-5.373-12-12v-24c0-6.627 5.373-12 12-12h12v-64h-12c-6.627 0-12-5.373-12-12v-24c0-6.627 5.373-12 12-12h64c6.627 0 12 5.373 12 12v100h12c6.627 0 12 5.373 12 12v24z\"><\/path><\/svg>\t\t\t\t<\/span>\n\t\t\t<\/div>\n\t\t\t\n\t\t\t\t\t\t<div class=\"elementor-icon-box-content\">\n\n\t\t\t\t\t\t\t\t\t<h3 class=\"elementor-icon-box-title\">\n\t\t\t\t\t\t<span  >\n\t\t\t\t\t\t\tKeine Chemikalien verwenden\t\t\t\t\t\t<\/span>\n\t\t\t\t\t<\/h3>\n\t\t\t\t\n\t\t\t\t\t\t\t\t\t<p class=\"elementor-icon-box-description\">\n\t\t\t\t\t\tChemische Mittel zur Zersetzung von Baumst\u00fcmpfen sind nicht nur umweltsch\u00e4dlich, sondern oft nicht zugelassen. Sie k\u00f6nnen umliegende Pflanzen und das Grundwasser belasten und sollten daher nicht eingesetzt werden.\t\t\t\t\t<\/p>\n\t\t\t\t\n\t\t\t<\/div>\n\t\t\t\n\t\t<\/div>\n\t\t\t\t\t\t<\/div>\n\t\t\t\t<\/div>\n\t\t\t\t<\/div>\n\t\t<div class=\"elementor-element elementor-element-89fa405 e-con-full e-flex e-con e-child\" data-id=\"89fa405\" data-element_type=\"container\" data-e-type=\"container\">\n\t\t\t\t<div class=\"elementor-element elementor-element-395cda3 elementor-widget__width-initial elementor-widget elementor-widget-heading\" data-id=\"395cda3\" data-element_type=\"widget\" data-e-type=\"widget\" data-widget_type=\"heading.default\">\n\t\t\t\t<div class=\"elementor-widget-container\">\n\t\t\t\t\t<h2 class=\"elementor-heading-title elementor-size-default\">Heckenpflanzen shoppen<\/h2>\t\t\t\t<\/div>\n\t\t\t\t<\/div>\n\t\t\t\t<div class=\"elementor-element elementor-element-d521f39 elementor-widget elementor-widget-text-editor\" data-id=\"d521f39\" data-element_type=\"widget\" data-e-type=\"widget\" data-widget_type=\"text-editor.default\">\n\t\t\t\t<div class=\"elementor-widget-container\">\n\t\t\t\t\t\t\t\t\t<p><div class=\"sw-product-slider-container sw-product-slider-container-f602d86c4e3989557da50ffc858f83a60ffe1667\">\r\n    <div class=\"sw-product-slider sw-product-slider-f602d86c4e3989557da50ffc858f83a60ffe1667\">\r\n                    <div class=\"sw-product-slider-item\">\r\n                <div class=\"sw-product\">\r\n    <a class=\"sw-product-image\" href=\"https:\/\/www.garten-schlueter.de\/fingerstrauch-dakota-sunspot\/66610\">\r\n                    <img decoding=\"async\" src=\"https:\/\/www.garten-schlueter.de\/thumbnail\/d8\/e4\/d1\/1731521396\/1-66610-potentilla-fruticosa-dakota-sunspot-jpg_400x400.jpg?ts=1731521402\" alt=\"Fingerstrauch 'Dakota Sunspot' \u00ae\">\r\n            <\/a>\r\n    <div class=\"sw-product-info\">\r\n        <a class=\"sw-product-name\" href=\"https:\/\/www.garten-schlueter.de\/fingerstrauch-dakota-sunspot\/66610\">\r\n            Fingerstrauch &#8218;Dakota Sunspot&#8216; \u00ae        <\/a>\r\n        <div class=\"sw-product-botanical-name\">\r\n                            Potentilla fruticosa &#8218;Dakota Sunspot&#8216; \u00ae                    <\/div>\r\n        <div class=\"sw-product-price\">\r\n                                    13,99 \u20ac\r\n                    <\/div>\r\n        <a class=\"sw-product-btn btn btn-blue\" href=\"https:\/\/www.garten-schlueter.de\/fingerstrauch-dakota-sunspot\/66610\">\r\n            Details\r\n        <\/a>\r\n    <\/div>\r\n<\/div>            <\/div>\r\n                    <div class=\"sw-product-slider-item\">\r\n                <div class=\"sw-product\">\r\n    <a class=\"sw-product-image\" href=\"https:\/\/www.garten-schlueter.de\/heckenkirsche-eisbeere-kleine-gartenforscher\/69721\">\r\n                    <img decoding=\"async\" src=\"https:\/\/www.garten-schlueter.de\/thumbnail\/df\/b2\/26\/1731515290\/1-69721-heckenkirsche-eisbeere-kleine-gartenforscher-lonicera-kamtschatica_400x400.jpg?ts=1731515291\" alt=\"Heckenkirsche 'Eisbeere' Kleine Gartenforscher\">\r\n            <\/a>\r\n    <div class=\"sw-product-info\">\r\n        <a class=\"sw-product-name\" href=\"https:\/\/www.garten-schlueter.de\/heckenkirsche-eisbeere-kleine-gartenforscher\/69721\">\r\n            Heckenkirsche &#8218;Eisbeere&#8216; Kleine Gartenforscher        <\/a>\r\n        <div class=\"sw-product-botanical-name\">\r\n                            Lonicera kamtschatica                    <\/div>\r\n        <div class=\"sw-product-price\">\r\n                                    33,49 \u20ac\r\n                    <\/div>\r\n        <a class=\"sw-product-btn btn btn-blue\" href=\"https:\/\/www.garten-schlueter.de\/heckenkirsche-eisbeere-kleine-gartenforscher\/69721\">\r\n            Details\r\n        <\/a>\r\n    <\/div>\r\n<\/div>            <\/div>\r\n                    <div class=\"sw-product-slider-item\">\r\n                <div class=\"sw-product\">\r\n    <a class=\"sw-product-image\" href=\"https:\/\/www.garten-schlueter.de\/ilex-robustico-2-liter-container-25-30-cm\/68459\">\r\n                    <img decoding=\"async\" src=\"https:\/\/www.garten-schlueter.de\/thumbnail\/bf\/c1\/78\/1740143910\/1-68460-ilex-crenata-robustico-jpg_400x400.jpg?ts=1740144567\" alt=\"Ilex 'Robustico'\">\r\n            <\/a>\r\n    <div class=\"sw-product-info\">\r\n        <a class=\"sw-product-name\" href=\"https:\/\/www.garten-schlueter.de\/ilex-robustico-2-liter-container-25-30-cm\/68459\">\r\n            Ilex &#8218;Robustico&#8216;        <\/a>\r\n        <div class=\"sw-product-botanical-name\">\r\n                    <\/div>\r\n        <div class=\"sw-product-price\">\r\n                                        ab\r\n                        12,95 \u20ac\r\n                    <\/div>\r\n        <a class=\"sw-product-btn btn btn-blue\" href=\"https:\/\/www.garten-schlueter.de\/ilex-robustico-2-liter-container-25-30-cm\/68459\">\r\n            Details\r\n        <\/a>\r\n    <\/div>\r\n<\/div>            <\/div>\r\n                    <div class=\"sw-product-slider-item\">\r\n                <div class=\"sw-product\">\r\n    <a class=\"sw-product-image\" href=\"https:\/\/www.garten-schlueter.de\/stechpalme-heckenblau-c3-40-60\/63847\">\r\n                    <img decoding=\"async\" src=\"https:\/\/www.garten-schlueter.de\/thumbnail\/cc\/c1\/c4\/1759920014\/1-63845-stechpalme-heckenblau-jpg_400x400.jpg?ts=1759920014\" alt=\"Stechpalme 'Heckenblau\u00ae'\">\r\n            <\/a>\r\n    <div class=\"sw-product-info\">\r\n        <a class=\"sw-product-name\" href=\"https:\/\/www.garten-schlueter.de\/stechpalme-heckenblau-c3-40-60\/63847\">\r\n            Stechpalme &#8218;Heckenblau\u00ae&#8216;        <\/a>\r\n        <div class=\"sw-product-botanical-name\">\r\n                            Ilex meserveae &#8218;Heckenblau\u00ae&#8216;                    <\/div>\r\n        <div class=\"sw-product-price\">\r\n                                        ab\r\n                        15,95 \u20ac\r\n                    <\/div>\r\n        <a class=\"sw-product-btn btn btn-blue\" href=\"https:\/\/www.garten-schlueter.de\/stechpalme-heckenblau-c3-40-60\/63847\">\r\n            Details\r\n        <\/a>\r\n    <\/div>\r\n<\/div>            <\/div>\r\n                    <div class=\"sw-product-slider-item\">\r\n                <div class=\"sw-product\">\r\n    <a class=\"sw-product-image\" href=\"https:\/\/www.garten-schlueter.de\/haselnuss-rotblaettrige-zellernuss\/63405\">\r\n                    <img decoding=\"async\" src=\"https:\/\/www.garten-schlueter.de\/thumbnail\/30\/85\/c3\/1731518422\/2-63405-corylus-avellana-zellernuss-jpg_400x400.jpg?ts=1731518422\" alt=\"Haselnuss 'Rotbl\u00e4ttrige Zellernuss'\">\r\n            <\/a>\r\n    <div class=\"sw-product-info\">\r\n        <a class=\"sw-product-name\" href=\"https:\/\/www.garten-schlueter.de\/haselnuss-rotblaettrige-zellernuss\/63405\">\r\n            Haselnuss &#8218;Rotbl\u00e4ttrige Zellernuss&#8216;        <\/a>\r\n        <div class=\"sw-product-botanical-name\">\r\n                            Corylus avellana &#8218;Rotbl\u00e4ttrige Zellernuss&#8216;                    <\/div>\r\n        <div class=\"sw-product-price\">\r\n                                    28,99 \u20ac\r\n                    <\/div>\r\n        <a class=\"sw-product-btn btn btn-blue\" href=\"https:\/\/www.garten-schlueter.de\/haselnuss-rotblaettrige-zellernuss\/63405\">\r\n            Details\r\n        <\/a>\r\n    <\/div>\r\n<\/div>            <\/div>\r\n                    <div class=\"sw-product-slider-item\">\r\n                <div class=\"sw-product\">\r\n    <a class=\"sw-product-image\" href=\"https:\/\/www.garten-schlueter.de\/rhododendron-easydendron-dufthecke-lila\/68245\">\r\n                    <img decoding=\"async\" src=\"https:\/\/www.garten-schlueter.de\/blog\/wp-content\/plugins\/NF-Shopware\/assets\/img\/no-picture.jpg\" alt=\"Rhododendron 'Easydendron\u00ae Dufthecke' Lila\">\r\n            <\/a>\r\n    <div class=\"sw-product-info\">\r\n        <a class=\"sw-product-name\" href=\"https:\/\/www.garten-schlueter.de\/rhododendron-easydendron-dufthecke-lila\/68245\">\r\n            Rhododendron &#8218;Easydendron\u00ae Dufthecke&#8216; Lila        <\/a>\r\n        <div class=\"sw-product-botanical-name\">\r\n                            Rhododendron Hybride &#8218;Dufthecke&#8216;                    <\/div>\r\n        <div class=\"sw-product-price\">\r\n                                        ab\r\n                        34,19 \u20ac\r\n                    <\/div>\r\n        <a class=\"sw-product-btn btn btn-blue\" href=\"https:\/\/www.garten-schlueter.de\/rhododendron-easydendron-dufthecke-lila\/68245\">\r\n            Details\r\n        <\/a>\r\n    <\/div>\r\n<\/div>            <\/div>\r\n                    <div class=\"sw-product-slider-item\">\r\n                <div class=\"sw-product\">\r\n    <a class=\"sw-product-image\" href=\"https:\/\/www.garten-schlueter.de\/zierquitte-friesdorfer-typ-205\/62811\">\r\n                    <img decoding=\"async\" src=\"https:\/\/www.garten-schlueter.de\/thumbnail\/62\/78\/4e\/1749032636\/chaenomele-zierquitte-friesdorfer-typ-205-jpg_400x400.jpg?ts=1749032638\" alt=\"Zierquitte 'Friesdorfer Typ 205'\">\r\n            <\/a>\r\n    <div class=\"sw-product-info\">\r\n        <a class=\"sw-product-name\" href=\"https:\/\/www.garten-schlueter.de\/zierquitte-friesdorfer-typ-205\/62811\">\r\n            Zierquitte &#8218;Friesdorfer Typ 205&#8216;        <\/a>\r\n        <div class=\"sw-product-botanical-name\">\r\n                            Chaenomeles &#8218;Friesdorfer Typ 205&#8216;                    <\/div>\r\n        <div class=\"sw-product-price\">\r\n                                    14,49 \u20ac\r\n                    <\/div>\r\n        <a class=\"sw-product-btn btn btn-blue\" href=\"https:\/\/www.garten-schlueter.de\/zierquitte-friesdorfer-typ-205\/62811\">\r\n            Details\r\n        <\/a>\r\n    <\/div>\r\n<\/div>            <\/div>\r\n                    <div class=\"sw-product-slider-item\">\r\n                <div class=\"sw-product\">\r\n    <a class=\"sw-product-image\" href=\"https:\/\/www.garten-schlueter.de\/glanzmispel-robusta-compact\/67324\">\r\n                    <img decoding=\"async\" src=\"https:\/\/www.garten-schlueter.de\/thumbnail\/36\/ba\/74\/1731515284\/1-67324-glanzmispel-robusta-compact-photinia-fraseri_400x400.jpg?ts=1731515284\" alt=\"Glanzmispel 'Robusta Compact'\">\r\n            <\/a>\r\n    <div class=\"sw-product-info\">\r\n        <a class=\"sw-product-name\" href=\"https:\/\/www.garten-schlueter.de\/glanzmispel-robusta-compact\/67324\">\r\n            Glanzmispel &#8218;Robusta Compact&#8216;        <\/a>\r\n        <div class=\"sw-product-botanical-name\">\r\n                            Photinia fraseri &#8218;Robusta Compact&#8216;                    <\/div>\r\n        <div class=\"sw-product-price\">\r\n                                        ab\r\n                        22,90 \u20ac\r\n                    <\/div>\r\n        <a class=\"sw-product-btn btn btn-blue\" href=\"https:\/\/www.garten-schlueter.de\/glanzmispel-robusta-compact\/67324\">\r\n            Details\r\n        <\/a>\r\n    <\/div>\r\n<\/div>            <\/div>\r\n                    <div class=\"sw-product-slider-item\">\r\n                <div class=\"sw-product\">\r\n    <a class=\"sw-product-image\" href=\"https:\/\/www.garten-schlueter.de\/schwarzer-holunder-sampo\/68447\">\r\n                    <img decoding=\"async\" src=\"https:\/\/www.garten-schlueter.de\/thumbnail\/21\/4e\/1b\/1731515655\/1-68447-sambucus-nigra-sampo_400x400.jpg?ts=1731515656\" alt=\"Schwarzer Holunder 'Sampo'\">\r\n            <\/a>\r\n    <div class=\"sw-product-info\">\r\n        <a class=\"sw-product-name\" href=\"https:\/\/www.garten-schlueter.de\/schwarzer-holunder-sampo\/68447\">\r\n            Schwarzer Holunder &#8218;Sampo&#8216;        <\/a>\r\n        <div class=\"sw-product-botanical-name\">\r\n                            Sambucus nigra &#8218;Sampo&#8216;                    <\/div>\r\n        <div class=\"sw-product-price\">\r\n                                    11,99 \u20ac\r\n                    <\/div>\r\n        <a class=\"sw-product-btn btn btn-blue\" href=\"https:\/\/www.garten-schlueter.de\/schwarzer-holunder-sampo\/68447\">\r\n            Details\r\n        <\/a>\r\n    <\/div>\r\n<\/div>            <\/div>\r\n                    <div class=\"sw-product-slider-item\">\r\n                <div class=\"sw-product\">\r\n    <a class=\"sw-product-image\" href=\"https:\/\/www.garten-schlueter.de\/fingerstrauch-hopley-orange\/66672\">\r\n                    <img decoding=\"async\" src=\"https:\/\/www.garten-schlueter.de\/thumbnail\/2d\/55\/a5\/1731516866\/1-66672-fingerstrauch-hopley-orange-potentilla-hopley-orange_400x400.jpg?ts=1731516867\" alt=\"Fingerstrauch 'Hopley Orange'\">\r\n            <\/a>\r\n    <div class=\"sw-product-info\">\r\n        <a class=\"sw-product-name\" href=\"https:\/\/www.garten-schlueter.de\/fingerstrauch-hopley-orange\/66672\">\r\n            Fingerstrauch &#8218;Hopley Orange&#8216;        <\/a>\r\n        <div class=\"sw-product-botanical-name\">\r\n                            Potentilla fruticosa &#8218;Hopley&#8217;s Orange&#8216;                    <\/div>\r\n        <div class=\"sw-product-price\">\r\n                                        ab\r\n                        4,00 \u20ac\r\n                    <\/div>\r\n        <a class=\"sw-product-btn btn btn-blue\" href=\"https:\/\/www.garten-schlueter.de\/fingerstrauch-hopley-orange\/66672\">\r\n            Details\r\n        <\/a>\r\n    <\/div>\r\n<\/div>            <\/div>\r\n                    <div class=\"sw-product-slider-item\">\r\n                <div class=\"sw-product\">\r\n    <a class=\"sw-product-image\" href=\"https:\/\/www.garten-schlueter.de\/zierquitte-red-trail\/62802\">\r\n                    <img decoding=\"async\" src=\"https:\/\/www.garten-schlueter.de\/thumbnail\/f7\/89\/a0\/1731518017\/2-62802-chaenomeles-x-superba-red-trial_400x400.jpg?ts=1731518018\" alt=\"Zierquitte 'Red Trail'\">\r\n            <\/a>\r\n    <div class=\"sw-product-info\">\r\n        <a class=\"sw-product-name\" href=\"https:\/\/www.garten-schlueter.de\/zierquitte-red-trail\/62802\">\r\n            Zierquitte &#8218;Red Trail&#8216;        <\/a>\r\n        <div class=\"sw-product-botanical-name\">\r\n                            Chaenomeles x superba &#8218;Red Trial&#8216;                    <\/div>\r\n        <div class=\"sw-product-price sw-product-price-discount\">\r\n                            <span class=\"sw-product-listprice\">\r\n                    19,99 \u20ac\r\n                <\/span>\r\n                                        ab\r\n                        14,95 \u20ac\r\n                    <\/div>\r\n        <a class=\"sw-product-btn btn btn-blue\" href=\"https:\/\/www.garten-schlueter.de\/zierquitte-red-trail\/62802\">\r\n            Details\r\n        <\/a>\r\n    <\/div>\r\n<\/div>            <\/div>\r\n                    <div class=\"sw-product-slider-item\">\r\n                <div class=\"sw-product\">\r\n    <a class=\"sw-product-image\" href=\"https:\/\/www.garten-schlueter.de\/zierquitte-texas-scarlet\/62813\">\r\n                    <img decoding=\"async\" src=\"https:\/\/www.garten-schlueter.de\/thumbnail\/42\/d5\/e2\/1731517647\/1-62813-chaenomeles-texas-scarlet-jpg_400x400.jpg?ts=1731517647\" alt=\"Zierquitte 'Texas Scarlet'\">\r\n            <\/a>\r\n    <div class=\"sw-product-info\">\r\n        <a class=\"sw-product-name\" href=\"https:\/\/www.garten-schlueter.de\/zierquitte-texas-scarlet\/62813\">\r\n            Zierquitte &#8218;Texas Scarlet&#8216;        <\/a>\r\n        <div class=\"sw-product-botanical-name\">\r\n                            Chaenomeles x superba &#8218;Texas Scarlet&#8216;                    <\/div>\r\n        <div class=\"sw-product-price\">\r\n                                        ab\r\n                        16,90 \u20ac\r\n                    <\/div>\r\n        <a class=\"sw-product-btn btn btn-blue\" href=\"https:\/\/www.garten-schlueter.de\/zierquitte-texas-scarlet\/62813\">\r\n            Details\r\n        <\/a>\r\n    <\/div>\r\n<\/div>            <\/div>\r\n                    <div class=\"sw-product-slider-item\">\r\n                <div class=\"sw-product\">\r\n    <a class=\"sw-product-image\" href=\"https:\/\/www.garten-schlueter.de\/zierquitte-fire-dance\/69249\">\r\n                    <img decoding=\"async\" src=\"https:\/\/www.garten-schlueter.de\/thumbnail\/72\/0d\/f2\/1731517847\/2-69249-chaenomeles-firedance_400x400.jpg?ts=1731517848\" alt=\"Zierquitte 'Fire Dance'\">\r\n            <\/a>\r\n    <div class=\"sw-product-info\">\r\n        <a class=\"sw-product-name\" href=\"https:\/\/www.garten-schlueter.de\/zierquitte-fire-dance\/69249\">\r\n            Zierquitte &#8218;Fire Dance&#8216;        <\/a>\r\n        <div class=\"sw-product-botanical-name\">\r\n                            Chaenomeles &#8218;Firedance&#8216;                    <\/div>\r\n        <div class=\"sw-product-price\">\r\n                                    17,99 \u20ac\r\n                    <\/div>\r\n        <a class=\"sw-product-btn btn btn-blue\" href=\"https:\/\/www.garten-schlueter.de\/zierquitte-fire-dance\/69249\">\r\n            Details\r\n        <\/a>\r\n    <\/div>\r\n<\/div>            <\/div>\r\n                    <div class=\"sw-product-slider-item\">\r\n                <div class=\"sw-product\">\r\n    <a class=\"sw-product-image\" href=\"https:\/\/www.garten-schlueter.de\/fingerstrauch-bella-sol\/66681\">\r\n                    <img decoding=\"async\" src=\"https:\/\/www.garten-schlueter.de\/thumbnail\/84\/28\/7b\/1749737358\/3-potentilla-fruticosa-fingerstrauch-bella-sol-jpg_400x400.jpg?ts=1749737359\" alt=\"Fingerstrauch 'Bella Sol\u00ae'\">\r\n            <\/a>\r\n    <div class=\"sw-product-info\">\r\n        <a class=\"sw-product-name\" href=\"https:\/\/www.garten-schlueter.de\/fingerstrauch-bella-sol\/66681\">\r\n            Fingerstrauch &#8218;Bella Sol\u00ae&#8216;        <\/a>\r\n        <div class=\"sw-product-botanical-name\">\r\n                            Potentilla fruticosa &#8218;Bella Sol\u00ae&#8216;                    <\/div>\r\n        <div class=\"sw-product-price\">\r\n                                    14,99 \u20ac\r\n                    <\/div>\r\n        <a class=\"sw-product-btn btn btn-blue\" href=\"https:\/\/www.garten-schlueter.de\/fingerstrauch-bella-sol\/66681\">\r\n            Details\r\n        <\/a>\r\n    <\/div>\r\n<\/div>            <\/div>\r\n                    <div class=\"sw-product-slider-item\">\r\n                <div class=\"sw-product\">\r\n    <a class=\"sw-product-image\" href=\"https:\/\/www.garten-schlueter.de\/portugiesische-lorbeerkirsche-myrtifolia-3-5-liter-40-60-cm\/61048\">\r\n                    <img decoding=\"async\" src=\"https:\/\/www.garten-schlueter.de\/blog\/wp-content\/plugins\/NF-Shopware\/assets\/img\/no-picture.jpg\" alt=\"Kompakte portugiesische Lorbeerkirsche 'Myrtifolia'\">\r\n            <\/a>\r\n    <div class=\"sw-product-info\">\r\n        <a class=\"sw-product-name\" href=\"https:\/\/www.garten-schlueter.de\/portugiesische-lorbeerkirsche-myrtifolia-3-5-liter-40-60-cm\/61048\">\r\n            Kompakte portugiesische Lorbeerkirsche &#8218;Myrtifolia&#8216;        <\/a>\r\n        <div class=\"sw-product-botanical-name\">\r\n                            Prunus lusitanica &#8218;Myrtifolia&#8216;                    <\/div>\r\n        <div class=\"sw-product-price\">\r\n                                        ab\r\n                        15,03 \u20ac\r\n                    <\/div>\r\n        <a class=\"sw-product-btn btn btn-blue\" href=\"https:\/\/www.garten-schlueter.de\/portugiesische-lorbeerkirsche-myrtifolia-3-5-liter-40-60-cm\/61048\">\r\n            Details\r\n        <\/a>\r\n    <\/div>\r\n<\/div>            <\/div>\r\n                    <div class=\"sw-product-slider-item\">\r\n                <div class=\"sw-product\">\r\n    <a class=\"sw-product-image\" href=\"https:\/\/www.garten-schlueter.de\/fingerstrauch-bellissima\/66682\">\r\n                    <img decoding=\"async\" src=\"https:\/\/www.garten-schlueter.de\/thumbnail\/5f\/03\/b5\/1749737360\/potentilla-fruticosa-fingerstrauch-bellissima-jpg_400x400.jpg?ts=1749737360\" alt=\"Fingerstrauch 'Bellissima\u00ae'\">\r\n            <\/a>\r\n    <div class=\"sw-product-info\">\r\n        <a class=\"sw-product-name\" href=\"https:\/\/www.garten-schlueter.de\/fingerstrauch-bellissima\/66682\">\r\n            Fingerstrauch &#8218;Bellissima\u00ae&#8216;        <\/a>\r\n        <div class=\"sw-product-botanical-name\">\r\n                            Potentilla fruticosa &#8218;Bellissima\u00ae&#8216;                    <\/div>\r\n        <div class=\"sw-product-price\">\r\n                                        ab\r\n                        13,94 \u20ac\r\n                    <\/div>\r\n        <a class=\"sw-product-btn btn btn-blue\" href=\"https:\/\/www.garten-schlueter.de\/fingerstrauch-bellissima\/66682\">\r\n            Details\r\n        <\/a>\r\n    <\/div>\r\n<\/div>            <\/div>\r\n                    <div class=\"sw-product-slider-item\">\r\n                <div class=\"sw-product\">\r\n    <a class=\"sw-product-image\" href=\"https:\/\/www.garten-schlueter.de\/berg-ilex-glorie-dwarf-s-im-2-liter-container-20-30-cm\/68483\">\r\n                    <img decoding=\"async\" src=\"https:\/\/www.garten-schlueter.de\/thumbnail\/74\/da\/c0\/1740149176\/1-68466-berg-ilex-glorie-dwarf-ilex-crenata-jpg_400x400.jpg?ts=1740149177\" alt=\"Berg-Ilex 'Glorie Dwarf' (S)\">\r\n            <\/a>\r\n    <div class=\"sw-product-info\">\r\n        <a class=\"sw-product-name\" href=\"https:\/\/www.garten-schlueter.de\/berg-ilex-glorie-dwarf-s-im-2-liter-container-20-30-cm\/68483\">\r\n            Berg-Ilex &#8218;Glorie Dwarf&#8216; (S)        <\/a>\r\n        <div class=\"sw-product-botanical-name\">\r\n                            Ilex crenata &#8218;Glorie Dwarf&#8216; (S)                    <\/div>\r\n        <div class=\"sw-product-price\">\r\n                                        ab\r\n                        12,94 \u20ac\r\n                    <\/div>\r\n        <a class=\"sw-product-btn btn btn-blue\" href=\"https:\/\/www.garten-schlueter.de\/berg-ilex-glorie-dwarf-s-im-2-liter-container-20-30-cm\/68483\">\r\n            Details\r\n        <\/a>\r\n    <\/div>\r\n<\/div>            <\/div>\r\n                    <div class=\"sw-product-slider-item\">\r\n                <div class=\"sw-product\">\r\n    <a class=\"sw-product-image\" href=\"https:\/\/www.garten-schlueter.de\/fingerstrauch-nuuk\/66683\">\r\n                    <img decoding=\"async\" src=\"https:\/\/www.garten-schlueter.de\/blog\/wp-content\/plugins\/NF-Shopware\/assets\/img\/no-picture.jpg\" alt=\"Fingerstrauch 'Nuuk'\">\r\n            <\/a>\r\n    <div class=\"sw-product-info\">\r\n        <a class=\"sw-product-name\" href=\"https:\/\/www.garten-schlueter.de\/fingerstrauch-nuuk\/66683\">\r\n            Fingerstrauch &#8218;Nuuk&#8216;        <\/a>\r\n        <div class=\"sw-product-botanical-name\">\r\n                            Potentilla tridentata &#8218;Nuuk&#8216;                    <\/div>\r\n        <div class=\"sw-product-price\">\r\n                                        ab\r\n                        3,47 \u20ac\r\n                    <\/div>\r\n        <a class=\"sw-product-btn btn btn-blue\" href=\"https:\/\/www.garten-schlueter.de\/fingerstrauch-nuuk\/66683\">\r\n            Details\r\n        <\/a>\r\n    <\/div>\r\n<\/div>            <\/div>\r\n                    <div class=\"sw-product-slider-item\">\r\n                <div class=\"sw-product\">\r\n    <a class=\"sw-product-image\" href=\"https:\/\/www.garten-schlueter.de\/rhododendron-easydendron-dufthecke-gelb\/68416\">\r\n                    <img decoding=\"async\" src=\"https:\/\/www.garten-schlueter.de\/blog\/wp-content\/plugins\/NF-Shopware\/assets\/img\/no-picture.jpg\" alt=\"Rhododendron 'Easydendron\u00ae Dufthecke' Gelb\">\r\n            <\/a>\r\n    <div class=\"sw-product-info\">\r\n        <a class=\"sw-product-name\" href=\"https:\/\/www.garten-schlueter.de\/rhododendron-easydendron-dufthecke-gelb\/68416\">\r\n            Rhododendron &#8218;Easydendron\u00ae Dufthecke&#8216; Gelb        <\/a>\r\n        <div class=\"sw-product-botanical-name\">\r\n                            Rhododendron Hybride &#8218;Dufthecke&#8216;                    <\/div>\r\n        <div class=\"sw-product-price\">\r\n                                        ab\r\n                        34,19 \u20ac\r\n                    <\/div>\r\n        <a class=\"sw-product-btn btn btn-blue\" href=\"https:\/\/www.garten-schlueter.de\/rhododendron-easydendron-dufthecke-gelb\/68416\">\r\n            Details\r\n        <\/a>\r\n    <\/div>\r\n<\/div>            <\/div>\r\n                    <div class=\"sw-product-slider-item\">\r\n                <div class=\"sw-product\">\r\n    <a class=\"sw-product-image\" href=\"https:\/\/www.garten-schlueter.de\/grossblaettrige-berberitze-3-liter-20-30-cm\/66377\">\r\n                    <img decoding=\"async\" src=\"https:\/\/www.garten-schlueter.de\/thumbnail\/3e\/40\/57\/1731517944\/1-66363-grossblaettrige-berberitze-berberis-julianae_400x400.jpg?ts=1731522114\" alt=\"Gro\u00dfbl\u00e4ttrige Berberitze\">\r\n            <\/a>\r\n    <div class=\"sw-product-info\">\r\n        <a class=\"sw-product-name\" href=\"https:\/\/www.garten-schlueter.de\/grossblaettrige-berberitze-3-liter-20-30-cm\/66377\">\r\n            Gro\u00dfbl\u00e4ttrige Berberitze        <\/a>\r\n        <div class=\"sw-product-botanical-name\">\r\n                            Berberis julianae                    <\/div>\r\n        <div class=\"sw-product-price\">\r\n                                        ab\r\n                        12,46 \u20ac\r\n                    <\/div>\r\n        <a class=\"sw-product-btn btn btn-blue\" href=\"https:\/\/www.garten-schlueter.de\/grossblaettrige-berberitze-3-liter-20-30-cm\/66377\">\r\n            Details\r\n        <\/a>\r\n    <\/div>\r\n<\/div>            <\/div>\r\n            <\/div>\r\n    <div class=\"sw-product-slider-controls sw-product-slider-controls-f602d86c4e3989557da50ffc858f83a60ffe1667\">\r\n        <button class=\"sw-product-slider-controls-prev\">\r\n            <svg xmlns=\"http:\/\/www.w3.org\/2000\/svg\" xmlns:xlink=\"http:\/\/www.w3.org\/1999\/xlink\" width=\"16\" height=\"16\" viewBox=\"0 0 16 16\"><defs><path id=\"icons-solid-arrow-large-left\" d=\"M2.7071 4.2929c-.3905-.3905-1.0237-.3905-1.4142 0-.3905.3905-.3905 1.0237 0 1.4142l6 6c.3905.3905 1.0237.3905 1.4142 0l6-6c.3905-.3905.3905-1.0237 0-1.4142-.3905-.3905-1.0237-.3905-1.4142 0L8 9.5858l-5.2929-5.293z\" \/><\/defs><use transform=\"matrix(0 -1 -1 0 16 16)\" xlink:href=\"#icons-solid-arrow-large-left\" fill=\"#FFFFFF\" fill-rule=\"evenodd\" \/><\/svg>        <\/button>\r\n        <button class=\"sw-product-slider-controls-next\">\r\n            <svg xmlns=\"http:\/\/www.w3.org\/2000\/svg\" xmlns:xlink=\"http:\/\/www.w3.org\/1999\/xlink\" width=\"16\" height=\"16\" viewBox=\"0 0 16 16\"><defs><path id=\"icons-solid-arrow-large-right\" d=\"M2.7071 4.2929c-.3905-.3905-1.0237-.3905-1.4142 0-.3905.3905-.3905 1.0237 0 1.4142l6 6c.3905.3905 1.0237.3905 1.4142 0l6-6c.3905-.3905.3905-1.0237 0-1.4142-.3905-.3905-1.0237-.3905-1.4142 0L8 9.5858l-5.2929-5.293z\" \/><\/defs><use transform=\"matrix(0 1 1 0 0 0)\" xlink:href=\"#icons-solid-arrow-large-right\" fill=\"#FFFFFF\" fill-rule=\"evenodd\" \/><\/svg>        <\/button>\r\n    <\/div>\r\n<\/div>\r\n\r\n<script>\r\n    var slider = tns({\r\n        container: '.sw-product-slider-f602d86c4e3989557da50ffc858f83a60ffe1667',\r\n        controlsContainer: '.sw-product-slider-controls-f602d86c4e3989557da50ffc858f83a60ffe1667',\r\n        prevButton: '.sw-product-slider-controls-f602d86c4e3989557da50ffc858f83a60ffe1667 .sw-product-slider-controls-prev',\r\n        nextButton: '.sw-product-slider-controls-f602d86c4e3989557da50ffc858f83a60ffe1667 .sw-product-slider-controls-next',\r\n        items: 2,\r\n        gutter: 20,\r\n        nav: false,\r\n        responsive: {\r\n            570: {\r\n                items: 3\r\n            },\r\n            992: {\r\n                items: 4\r\n            },\r\n            1200: {\r\n                items: 5\r\n            },\r\n            1400: {\r\n                items: 6\r\n            }\r\n        }\r\n    });\r\n<\/script>\r\n\r\n\r\n<\/p>\t\t\t\t\t\t\t\t<\/div>\n\t\t\t\t<\/div>\n\t\t\t\t<\/div>\n\t\t\t\t\t<\/div>\n\t\t\t\t<\/div>\n\t\t<div class=\"elementor-element elementor-element-e178eff e-flex e-con-boxed e-con e-parent\" data-id=\"e178eff\" data-element_type=\"container\" data-e-type=\"container\">\n\t\t\t\t\t<div class=\"e-con-inner\">\n\t\t\t\t<div class=\"elementor-element elementor-element-a9a7a49 elementor-widget elementor-widget-heading\" data-id=\"a9a7a49\" data-element_type=\"widget\" data-e-type=\"widget\" data-widget_type=\"heading.default\">\n\t\t\t\t<div class=\"elementor-widget-container\">\n\t\t\t\t\t<h2 class=\"elementor-heading-title elementor-size-default\">Community<\/h2>\t\t\t\t<\/div>\n\t\t\t\t<\/div>\n\t\t\t\t<div class=\"elementor-element elementor-element-1111999 elementor-widget elementor-widget-image\" data-id=\"1111999\" data-element_type=\"widget\" data-e-type=\"widget\" data-widget_type=\"image.default\">\n\t\t\t\t<div class=\"elementor-widget-container\">\n\t\t\t\t\t\t\t\t\t\t\t\t\t\t\t<img loading=\"lazy\" decoding=\"async\" width=\"800\" height=\"294\" src=\"https:\/\/www.garten-schlueter.de\/blog\/wp-content\/uploads\/community.jpg\" class=\"attachment-large size-large wp-image-6785\" alt=\"G\u00e4rtner mit Schaufel\" srcset=\"https:\/\/www.garten-schlueter.de\/blog\/wp-content\/uploads\/community.jpg 1000w, https:\/\/www.garten-schlueter.de\/blog\/wp-content\/uploads\/community-300x110.jpg 300w, https:\/\/www.garten-schlueter.de\/blog\/wp-content\/uploads\/community-768x283.jpg 768w\" sizes=\"(max-width: 800px) 100vw, 800px\" \/>\t\t\t\t\t\t\t\t\t\t\t\t\t\t\t<\/div>\n\t\t\t\t<\/div>\n\t\t\t\t\t<\/div>\n\t\t\t\t<\/div>\n\t\t\t\t<\/div>\n\t\t","protected":false},"excerpt":{"rendered":"<p>Eine Hecke umpflanzen erfordert Geduld und eine gute Vorbereitung. Erfahre hier, wann der beste Zeitpunkt daf\u00fcr ist und wie du dabei am besten vorgehst.<\/p>\n","protected":false},"author":5,"featured_media":7312,"comment_status":"open","ping_status":"open","sticky":false,"template":"","format":"standard","meta":{"footnotes":""},"categories":[20,30],"tags":[],"class_list":["post-7290","post","type-post","status-publish","format-standard","has-post-thumbnail","hentry","category-gehoelze","category-hecken-ratgeber"],"yoast_head":"<!-- This site is optimized with the Yoast SEO plugin v27.3 - https:\/\/yoast.com\/product\/yoast-seo-wordpress\/ -->\n<title>Hecken richtig umpflanzen - Garten Schl\u00fcter<\/title>\n<meta name=\"robots\" content=\"index, follow, max-snippet:-1, max-image-preview:large, max-video-preview:-1\" \/>\n<link rel=\"canonical\" href=\"https:\/\/www.garten-schlueter.de\/blog\/hecken-richtig-umpflanzen\/\" \/>\n<meta property=\"og:locale\" content=\"de_DE\" \/>\n<meta property=\"og:type\" content=\"article\" \/>\n<meta property=\"og:title\" content=\"Hecken richtig umpflanzen - Garten Schl\u00fcter\" \/>\n<meta property=\"og:description\" content=\"Eine Hecke umpflanzen erfordert Geduld und eine gute Vorbereitung. Erfahre hier, wann der beste Zeitpunkt daf\u00fcr ist und wie du dabei am besten vorgehst.\" \/>\n<meta property=\"og:url\" content=\"https:\/\/www.garten-schlueter.de\/blog\/hecken-richtig-umpflanzen\/\" \/>\n<meta property=\"og:site_name\" content=\"Garten Schl\u00fcter\" \/>\n<meta property=\"article:published_time\" content=\"2025-02-11T12:49:42+00:00\" \/>\n<meta property=\"article:modified_time\" content=\"2025-02-12T09:24:53+00:00\" \/>\n<meta property=\"og:image\" content=\"https:\/\/www.garten-schlueter.de\/blog\/wp-content\/uploads\/header-23.jpg\" \/>\n\t<meta property=\"og:image:width\" content=\"1000\" \/>\n\t<meta property=\"og:image:height\" content=\"600\" \/>\n\t<meta property=\"og:image:type\" content=\"image\/jpeg\" \/>\n<meta name=\"author\" content=\"Garten Schl\u00fcter Team\" \/>\n<meta name=\"twitter:card\" content=\"summary_large_image\" \/>\n<meta name=\"twitter:label1\" content=\"Verfasst von\" \/>\n\t<meta name=\"twitter:data1\" content=\"Garten Schl\u00fcter Team\" \/>\n\t<meta name=\"twitter:label2\" content=\"Gesch\u00e4tzte Lesezeit\" \/>\n\t<meta name=\"twitter:data2\" content=\"6\u00a0Minuten\" \/>\n<script type=\"application\/ld+json\" class=\"yoast-schema-graph\">{\"@context\":\"https:\\\/\\\/schema.org\",\"@graph\":[{\"@type\":\"Article\",\"@id\":\"https:\\\/\\\/www.garten-schlueter.de\\\/blog\\\/hecken-richtig-umpflanzen\\\/#article\",\"isPartOf\":{\"@id\":\"https:\\\/\\\/www.garten-schlueter.de\\\/blog\\\/hecken-richtig-umpflanzen\\\/\"},\"author\":{\"name\":\"Garten Schl\u00fcter Team\",\"@id\":\"https:\\\/\\\/www.garten-schlueter.de\\\/blog\\\/#\\\/schema\\\/person\\\/d5ce46fd02aa27b9b9e8a1d02d8e0d2f\"},\"headline\":\"Hecken richtig umpflanzen\",\"datePublished\":\"2025-02-11T12:49:42+00:00\",\"dateModified\":\"2025-02-12T09:24:53+00:00\",\"mainEntityOfPage\":{\"@id\":\"https:\\\/\\\/www.garten-schlueter.de\\\/blog\\\/hecken-richtig-umpflanzen\\\/\"},\"wordCount\":934,\"commentCount\":0,\"publisher\":{\"@id\":\"https:\\\/\\\/www.garten-schlueter.de\\\/blog\\\/#organization\"},\"image\":{\"@id\":\"https:\\\/\\\/www.garten-schlueter.de\\\/blog\\\/hecken-richtig-umpflanzen\\\/#primaryimage\"},\"thumbnailUrl\":\"https:\\\/\\\/www.garten-schlueter.de\\\/blog\\\/wp-content\\\/uploads\\\/header-23.jpg\",\"articleSection\":[\"Geh\u00f6lze\",\"Hecken\"],\"inLanguage\":\"de\",\"potentialAction\":[{\"@type\":\"CommentAction\",\"name\":\"Comment\",\"target\":[\"https:\\\/\\\/www.garten-schlueter.de\\\/blog\\\/hecken-richtig-umpflanzen\\\/#respond\"]}]},{\"@type\":\"WebPage\",\"@id\":\"https:\\\/\\\/www.garten-schlueter.de\\\/blog\\\/hecken-richtig-umpflanzen\\\/\",\"url\":\"https:\\\/\\\/www.garten-schlueter.de\\\/blog\\\/hecken-richtig-umpflanzen\\\/\",\"name\":\"Hecken richtig umpflanzen - Garten Schl\u00fcter\",\"isPartOf\":{\"@id\":\"https:\\\/\\\/www.garten-schlueter.de\\\/blog\\\/#website\"},\"primaryImageOfPage\":{\"@id\":\"https:\\\/\\\/www.garten-schlueter.de\\\/blog\\\/hecken-richtig-umpflanzen\\\/#primaryimage\"},\"image\":{\"@id\":\"https:\\\/\\\/www.garten-schlueter.de\\\/blog\\\/hecken-richtig-umpflanzen\\\/#primaryimage\"},\"thumbnailUrl\":\"https:\\\/\\\/www.garten-schlueter.de\\\/blog\\\/wp-content\\\/uploads\\\/header-23.jpg\",\"datePublished\":\"2025-02-11T12:49:42+00:00\",\"dateModified\":\"2025-02-12T09:24:53+00:00\",\"breadcrumb\":{\"@id\":\"https:\\\/\\\/www.garten-schlueter.de\\\/blog\\\/hecken-richtig-umpflanzen\\\/#breadcrumb\"},\"inLanguage\":\"de\",\"potentialAction\":[{\"@type\":\"ReadAction\",\"target\":[\"https:\\\/\\\/www.garten-schlueter.de\\\/blog\\\/hecken-richtig-umpflanzen\\\/\"]}]},{\"@type\":\"ImageObject\",\"inLanguage\":\"de\",\"@id\":\"https:\\\/\\\/www.garten-schlueter.de\\\/blog\\\/hecken-richtig-umpflanzen\\\/#primaryimage\",\"url\":\"https:\\\/\\\/www.garten-schlueter.de\\\/blog\\\/wp-content\\\/uploads\\\/header-23.jpg\",\"contentUrl\":\"https:\\\/\\\/www.garten-schlueter.de\\\/blog\\\/wp-content\\\/uploads\\\/header-23.jpg\",\"width\":1000,\"height\":600},{\"@type\":\"BreadcrumbList\",\"@id\":\"https:\\\/\\\/www.garten-schlueter.de\\\/blog\\\/hecken-richtig-umpflanzen\\\/#breadcrumb\",\"itemListElement\":[{\"@type\":\"ListItem\",\"position\":1,\"name\":\"Startseite\",\"item\":\"https:\\\/\\\/www.garten-schlueter.de\\\/blog\\\/\"},{\"@type\":\"ListItem\",\"position\":2,\"name\":\"Hecken richtig umpflanzen\"}]},{\"@type\":\"WebSite\",\"@id\":\"https:\\\/\\\/www.garten-schlueter.de\\\/blog\\\/#website\",\"url\":\"https:\\\/\\\/www.garten-schlueter.de\\\/blog\\\/\",\"name\":\"Garten Schl\u00fcter\",\"description\":\"\",\"publisher\":{\"@id\":\"https:\\\/\\\/www.garten-schlueter.de\\\/blog\\\/#organization\"},\"potentialAction\":[{\"@type\":\"SearchAction\",\"target\":{\"@type\":\"EntryPoint\",\"urlTemplate\":\"https:\\\/\\\/www.garten-schlueter.de\\\/blog\\\/?s={search_term_string}\"},\"query-input\":{\"@type\":\"PropertyValueSpecification\",\"valueRequired\":true,\"valueName\":\"search_term_string\"}}],\"inLanguage\":\"de\"},{\"@type\":\"Organization\",\"@id\":\"https:\\\/\\\/www.garten-schlueter.de\\\/blog\\\/#organization\",\"name\":\"Garten Schl\u00fcter\",\"url\":\"https:\\\/\\\/www.garten-schlueter.de\\\/blog\\\/\",\"logo\":{\"@type\":\"ImageObject\",\"inLanguage\":\"de\",\"@id\":\"https:\\\/\\\/www.garten-schlueter.de\\\/blog\\\/#\\\/schema\\\/logo\\\/image\\\/\",\"url\":\"https:\\\/\\\/www.garten-schlueter.de\\\/blog\\\/wp-content\\\/uploads\\\/garten-schlueter-100.svg\",\"contentUrl\":\"https:\\\/\\\/www.garten-schlueter.de\\\/blog\\\/wp-content\\\/uploads\\\/garten-schlueter-100.svg\",\"width\":507,\"height\":105,\"caption\":\"Garten Schl\u00fcter\"},\"image\":{\"@id\":\"https:\\\/\\\/www.garten-schlueter.de\\\/blog\\\/#\\\/schema\\\/logo\\\/image\\\/\"}},{\"@type\":\"Person\",\"@id\":\"https:\\\/\\\/www.garten-schlueter.de\\\/blog\\\/#\\\/schema\\\/person\\\/d5ce46fd02aa27b9b9e8a1d02d8e0d2f\",\"name\":\"Garten Schl\u00fcter Team\",\"image\":{\"@type\":\"ImageObject\",\"inLanguage\":\"de\",\"@id\":\"https:\\\/\\\/secure.gravatar.com\\\/avatar\\\/4788f42ff63ca55e296b0675613fda07efb5aa453feebb313a0c6c0484345971?s=96&d=mm&r=g\",\"url\":\"https:\\\/\\\/secure.gravatar.com\\\/avatar\\\/4788f42ff63ca55e296b0675613fda07efb5aa453feebb313a0c6c0484345971?s=96&d=mm&r=g\",\"contentUrl\":\"https:\\\/\\\/secure.gravatar.com\\\/avatar\\\/4788f42ff63ca55e296b0675613fda07efb5aa453feebb313a0c6c0484345971?s=96&d=mm&r=g\",\"caption\":\"Garten Schl\u00fcter Team\"}}]}<\/script>\n<!-- \/ Yoast SEO plugin. -->","yoast_head_json":{"title":"Hecken richtig umpflanzen - Garten Schl\u00fcter","robots":{"index":"index","follow":"follow","max-snippet":"max-snippet:-1","max-image-preview":"max-image-preview:large","max-video-preview":"max-video-preview:-1"},"canonical":"https:\/\/www.garten-schlueter.de\/blog\/hecken-richtig-umpflanzen\/","og_locale":"de_DE","og_type":"article","og_title":"Hecken richtig umpflanzen - Garten Schl\u00fcter","og_description":"Eine Hecke umpflanzen erfordert Geduld und eine gute Vorbereitung. Erfahre hier, wann der beste Zeitpunkt daf\u00fcr ist und wie du dabei am besten vorgehst.","og_url":"https:\/\/www.garten-schlueter.de\/blog\/hecken-richtig-umpflanzen\/","og_site_name":"Garten Schl\u00fcter","article_published_time":"2025-02-11T12:49:42+00:00","article_modified_time":"2025-02-12T09:24:53+00:00","og_image":[{"width":1000,"height":600,"url":"https:\/\/www.garten-schlueter.de\/blog\/wp-content\/uploads\/header-23.jpg","type":"image\/jpeg"}],"author":"Garten Schl\u00fcter Team","twitter_card":"summary_large_image","twitter_misc":{"Verfasst von":"Garten Schl\u00fcter Team","Gesch\u00e4tzte Lesezeit":"6\u00a0Minuten"},"schema":{"@context":"https:\/\/schema.org","@graph":[{"@type":"Article","@id":"https:\/\/www.garten-schlueter.de\/blog\/hecken-richtig-umpflanzen\/#article","isPartOf":{"@id":"https:\/\/www.garten-schlueter.de\/blog\/hecken-richtig-umpflanzen\/"},"author":{"name":"Garten Schl\u00fcter Team","@id":"https:\/\/www.garten-schlueter.de\/blog\/#\/schema\/person\/d5ce46fd02aa27b9b9e8a1d02d8e0d2f"},"headline":"Hecken richtig umpflanzen","datePublished":"2025-02-11T12:49:42+00:00","dateModified":"2025-02-12T09:24:53+00:00","mainEntityOfPage":{"@id":"https:\/\/www.garten-schlueter.de\/blog\/hecken-richtig-umpflanzen\/"},"wordCount":934,"commentCount":0,"publisher":{"@id":"https:\/\/www.garten-schlueter.de\/blog\/#organization"},"image":{"@id":"https:\/\/www.garten-schlueter.de\/blog\/hecken-richtig-umpflanzen\/#primaryimage"},"thumbnailUrl":"https:\/\/www.garten-schlueter.de\/blog\/wp-content\/uploads\/header-23.jpg","articleSection":["Geh\u00f6lze","Hecken"],"inLanguage":"de","potentialAction":[{"@type":"CommentAction","name":"Comment","target":["https:\/\/www.garten-schlueter.de\/blog\/hecken-richtig-umpflanzen\/#respond"]}]},{"@type":"WebPage","@id":"https:\/\/www.garten-schlueter.de\/blog\/hecken-richtig-umpflanzen\/","url":"https:\/\/www.garten-schlueter.de\/blog\/hecken-richtig-umpflanzen\/","name":"Hecken richtig umpflanzen - Garten Schl\u00fcter","isPartOf":{"@id":"https:\/\/www.garten-schlueter.de\/blog\/#website"},"primaryImageOfPage":{"@id":"https:\/\/www.garten-schlueter.de\/blog\/hecken-richtig-umpflanzen\/#primaryimage"},"image":{"@id":"https:\/\/www.garten-schlueter.de\/blog\/hecken-richtig-umpflanzen\/#primaryimage"},"thumbnailUrl":"https:\/\/www.garten-schlueter.de\/blog\/wp-content\/uploads\/header-23.jpg","datePublished":"2025-02-11T12:49:42+00:00","dateModified":"2025-02-12T09:24:53+00:00","breadcrumb":{"@id":"https:\/\/www.garten-schlueter.de\/blog\/hecken-richtig-umpflanzen\/#breadcrumb"},"inLanguage":"de","potentialAction":[{"@type":"ReadAction","target":["https:\/\/www.garten-schlueter.de\/blog\/hecken-richtig-umpflanzen\/"]}]},{"@type":"ImageObject","inLanguage":"de","@id":"https:\/\/www.garten-schlueter.de\/blog\/hecken-richtig-umpflanzen\/#primaryimage","url":"https:\/\/www.garten-schlueter.de\/blog\/wp-content\/uploads\/header-23.jpg","contentUrl":"https:\/\/www.garten-schlueter.de\/blog\/wp-content\/uploads\/header-23.jpg","width":1000,"height":600},{"@type":"BreadcrumbList","@id":"https:\/\/www.garten-schlueter.de\/blog\/hecken-richtig-umpflanzen\/#breadcrumb","itemListElement":[{"@type":"ListItem","position":1,"name":"Startseite","item":"https:\/\/www.garten-schlueter.de\/blog\/"},{"@type":"ListItem","position":2,"name":"Hecken richtig umpflanzen"}]},{"@type":"WebSite","@id":"https:\/\/www.garten-schlueter.de\/blog\/#website","url":"https:\/\/www.garten-schlueter.de\/blog\/","name":"Garten Schl\u00fcter","description":"","publisher":{"@id":"https:\/\/www.garten-schlueter.de\/blog\/#organization"},"potentialAction":[{"@type":"SearchAction","target":{"@type":"EntryPoint","urlTemplate":"https:\/\/www.garten-schlueter.de\/blog\/?s={search_term_string}"},"query-input":{"@type":"PropertyValueSpecification","valueRequired":true,"valueName":"search_term_string"}}],"inLanguage":"de"},{"@type":"Organization","@id":"https:\/\/www.garten-schlueter.de\/blog\/#organization","name":"Garten Schl\u00fcter","url":"https:\/\/www.garten-schlueter.de\/blog\/","logo":{"@type":"ImageObject","inLanguage":"de","@id":"https:\/\/www.garten-schlueter.de\/blog\/#\/schema\/logo\/image\/","url":"https:\/\/www.garten-schlueter.de\/blog\/wp-content\/uploads\/garten-schlueter-100.svg","contentUrl":"https:\/\/www.garten-schlueter.de\/blog\/wp-content\/uploads\/garten-schlueter-100.svg","width":507,"height":105,"caption":"Garten Schl\u00fcter"},"image":{"@id":"https:\/\/www.garten-schlueter.de\/blog\/#\/schema\/logo\/image\/"}},{"@type":"Person","@id":"https:\/\/www.garten-schlueter.de\/blog\/#\/schema\/person\/d5ce46fd02aa27b9b9e8a1d02d8e0d2f","name":"Garten Schl\u00fcter Team","image":{"@type":"ImageObject","inLanguage":"de","@id":"https:\/\/secure.gravatar.com\/avatar\/4788f42ff63ca55e296b0675613fda07efb5aa453feebb313a0c6c0484345971?s=96&d=mm&r=g","url":"https:\/\/secure.gravatar.com\/avatar\/4788f42ff63ca55e296b0675613fda07efb5aa453feebb313a0c6c0484345971?s=96&d=mm&r=g","contentUrl":"https:\/\/secure.gravatar.com\/avatar\/4788f42ff63ca55e296b0675613fda07efb5aa453feebb313a0c6c0484345971?s=96&d=mm&r=g","caption":"Garten Schl\u00fcter Team"}}]}},"_links":{"self":[{"href":"https:\/\/www.garten-schlueter.de\/blog\/wp-json\/wp\/v2\/posts\/7290","targetHints":{"allow":["GET"]}}],"collection":[{"href":"https:\/\/www.garten-schlueter.de\/blog\/wp-json\/wp\/v2\/posts"}],"about":[{"href":"https:\/\/www.garten-schlueter.de\/blog\/wp-json\/wp\/v2\/types\/post"}],"author":[{"embeddable":true,"href":"https:\/\/www.garten-schlueter.de\/blog\/wp-json\/wp\/v2\/users\/5"}],"replies":[{"embeddable":true,"href":"https:\/\/www.garten-schlueter.de\/blog\/wp-json\/wp\/v2\/comments?post=7290"}],"version-history":[{"count":13,"href":"https:\/\/www.garten-schlueter.de\/blog\/wp-json\/wp\/v2\/posts\/7290\/revisions"}],"predecessor-version":[{"id":7318,"href":"https:\/\/www.garten-schlueter.de\/blog\/wp-json\/wp\/v2\/posts\/7290\/revisions\/7318"}],"wp:featuredmedia":[{"embeddable":true,"href":"https:\/\/www.garten-schlueter.de\/blog\/wp-json\/wp\/v2\/media\/7312"}],"wp:attachment":[{"href":"https:\/\/www.garten-schlueter.de\/blog\/wp-json\/wp\/v2\/media?parent=7290"}],"wp:term":[{"taxonomy":"category","embeddable":true,"href":"https:\/\/www.garten-schlueter.de\/blog\/wp-json\/wp\/v2\/categories?post=7290"},{"taxonomy":"post_tag","embeddable":true,"href":"https:\/\/www.garten-schlueter.de\/blog\/wp-json\/wp\/v2\/tags?post=7290"}],"curies":[{"name":"wp","href":"https:\/\/api.w.org\/{rel}","templated":true}]}}