{"id":7001,"date":"2025-01-31T13:23:14","date_gmt":"2025-01-31T13:23:14","guid":{"rendered":"https:\/\/schlueter-dev.nfapp.de\/blog\/?p=7001"},"modified":"2025-02-05T10:03:49","modified_gmt":"2025-02-05T10:03:49","slug":"rosen-kombinieren","status":"publish","type":"post","link":"https:\/\/www.garten-schlueter.de\/blog\/rosen-kombinieren\/","title":{"rendered":"Rosenbegleitpflanzen"},"content":{"rendered":"\t\t<div data-elementor-type=\"wp-post\" data-elementor-id=\"7001\" class=\"elementor elementor-7001\" data-elementor-post-type=\"post\">\n\t\t\t\t<div class=\"elementor-element elementor-element-43aa59d e-flex e-con-boxed e-con e-parent\" data-id=\"43aa59d\" data-element_type=\"container\" data-e-type=\"container\">\n\t\t\t\t\t<div class=\"e-con-inner\">\n\t\t\t\t<div class=\"elementor-element elementor-element-578963c elementor-widget elementor-widget-heading\" data-id=\"578963c\" data-element_type=\"widget\" data-e-type=\"widget\" data-widget_type=\"heading.default\">\n\t\t\t\t<div class=\"elementor-widget-container\">\n\t\t\t\t\t<h1 class=\"elementor-heading-title elementor-size-default\">Rosen kombinieren \u2013 die besten Begleitpflanzen<\/h1>\t\t\t\t<\/div>\n\t\t\t\t<\/div>\n\t\t\t\t<div class=\"elementor-element elementor-element-0706503 elementor-widget elementor-widget-text-editor\" data-id=\"0706503\" data-element_type=\"widget\" data-e-type=\"widget\" data-widget_type=\"text-editor.default\">\n\t\t\t\t<div class=\"elementor-widget-container\">\n\t\t\t\t\t\t\t\t\t<p data-pm-slice=\"1 1 []\">Rosen lassen sich perfekt mit Stauden, Gr\u00e4sern oder Kr\u00e4utern kombinieren. Hier erf\u00e4hrst du, welche Pflanzen gut zusammenpassen und welche Vorteile sie bieten.<\/p>\t\t\t\t\t\t\t\t<\/div>\n\t\t\t\t<\/div>\n\t\t\t\t\t<\/div>\n\t\t\t\t<\/div>\n\t\t<div class=\"elementor-element elementor-element-b2c8df1 e-flex e-con-boxed e-con e-parent\" data-id=\"b2c8df1\" data-element_type=\"container\" data-e-type=\"container\" data-settings=\"{&quot;background_background&quot;:&quot;classic&quot;}\">\n\t\t\t\t\t<div class=\"e-con-inner\">\n\t\t\t\t<div class=\"elementor-element elementor-element-7329433 elementor-widget elementor-widget-image\" data-id=\"7329433\" data-element_type=\"widget\" data-e-type=\"widget\" data-widget_type=\"image.default\">\n\t\t\t\t<div class=\"elementor-widget-container\">\n\t\t\t\t\t\t\t\t\t\t\t\t\t\t\t<img decoding=\"async\" src=\"https:\/\/www.garten-schlueter.de\/blog\/wp-content\/uploads\/elementor\/thumbs\/header-14-r0thlos5ro28yzl7n7a2qoo5vhbn9xxscr3wii6jiw.jpg\" title=\"header\" alt=\"Rosen und Begleitpflanzen vor einer Kirche\" loading=\"lazy\" \/>\t\t\t\t\t\t\t\t\t\t\t\t\t\t\t<\/div>\n\t\t\t\t<\/div>\n\t\t<div class=\"elementor-element elementor-element-c6faafd e-con-full e-flex e-con e-child\" data-id=\"c6faafd\" data-element_type=\"container\" data-e-type=\"container\">\n\t\t\t\t<div class=\"elementor-element elementor-element-287de26 elementor-widget elementor-widget-text-editor\" data-id=\"287de26\" data-element_type=\"widget\" data-e-type=\"widget\" data-widget_type=\"text-editor.default\">\n\t\t\t\t<div class=\"elementor-widget-container\">\n\t\t\t\t\t\t\t\t\t<p>Rosen sind allein schon ein Blickfang, doch in Kombination mit anderen Pflanzen entfalten sie ihre volle Wirkung. <strong>Begleitpflanzen<\/strong> sorgen nicht nur f\u00fcr eine harmonische Optik, sondern k\u00f6nnen auch <strong>Sch\u00e4dlinge fernhalten<\/strong> und das Risiko f\u00fcr Krankheiten mindern.<\/p><p>Ob <strong>Stauden, Gr\u00e4ser oder Kr\u00e4uter<\/strong> \u2013 die richtige Kombination bringt Struktur ins Beet und unterstreicht die Sch\u00f6nheit der Rosen. Wichtig ist, dass die Begleitpflanzen \u00e4hnliche <strong>Standortanspr\u00fcche<\/strong> haben:<\/p>\t\t\t\t\t\t\t\t<\/div>\n\t\t\t\t<\/div>\n\t\t\t\t<div class=\"elementor-element elementor-element-ad8e793 elementor-widget__width-inherit elementor-icon-list--layout-traditional elementor-list-item-link-full_width elementor-widget elementor-widget-icon-list\" data-id=\"ad8e793\" data-element_type=\"widget\" data-e-type=\"widget\" data-widget_type=\"icon-list.default\">\n\t\t\t\t<div class=\"elementor-widget-container\">\n\t\t\t\t\t\t\t<ul class=\"elementor-icon-list-items\">\n\t\t\t\t\t\t\t<li class=\"elementor-icon-list-item\">\n\t\t\t\t\t\t\t\t\t\t\t<span class=\"elementor-icon-list-icon\">\n\t\t\t\t\t\t\t<svg aria-hidden=\"true\" class=\"e-font-icon-svg e-fas-leaf\" viewBox=\"0 0 576 512\" xmlns=\"http:\/\/www.w3.org\/2000\/svg\"><path d=\"M546.2 9.7c-5.6-12.5-21.6-13-28.3-1.2C486.9 62.4 431.4 96 368 96h-80C182 96 96 182 96 288c0 7 .8 13.7 1.5 20.5C161.3 262.8 253.4 224 384 224c8.8 0 16 7.2 16 16s-7.2 16-16 16C132.6 256 26 410.1 2.4 468c-6.6 16.3 1.2 34.9 17.5 41.6 16.4 6.8 35-1.1 41.8-17.3 1.5-3.6 20.9-47.9 71.9-90.6 32.4 43.9 94 85.8 174.9 77.2C465.5 467.5 576 326.7 576 154.3c0-50.2-10.8-102.2-29.8-144.6z\"><\/path><\/svg>\t\t\t\t\t\t<\/span>\n\t\t\t\t\t\t\t\t\t\t<span class=\"elementor-icon-list-text\">Sonniger, warmer Platz<\/span>\n\t\t\t\t\t\t\t\t\t<\/li>\n\t\t\t\t\t\t\t\t<li class=\"elementor-icon-list-item\">\n\t\t\t\t\t\t\t\t\t\t\t<span class=\"elementor-icon-list-icon\">\n\t\t\t\t\t\t\t<svg aria-hidden=\"true\" class=\"e-font-icon-svg e-fas-leaf\" viewBox=\"0 0 576 512\" xmlns=\"http:\/\/www.w3.org\/2000\/svg\"><path d=\"M546.2 9.7c-5.6-12.5-21.6-13-28.3-1.2C486.9 62.4 431.4 96 368 96h-80C182 96 96 182 96 288c0 7 .8 13.7 1.5 20.5C161.3 262.8 253.4 224 384 224c8.8 0 16 7.2 16 16s-7.2 16-16 16C132.6 256 26 410.1 2.4 468c-6.6 16.3 1.2 34.9 17.5 41.6 16.4 6.8 35-1.1 41.8-17.3 1.5-3.6 20.9-47.9 71.9-90.6 32.4 43.9 94 85.8 174.9 77.2C465.5 467.5 576 326.7 576 154.3c0-50.2-10.8-102.2-29.8-144.6z\"><\/path><\/svg>\t\t\t\t\t\t<\/span>\n\t\t\t\t\t\t\t\t\t\t<span class=\"elementor-icon-list-text\">Durchl\u00e4ssiger, <b>n\u00e4hrstoffreicher Boden<\/b><\/span>\n\t\t\t\t\t\t\t\t\t<\/li>\n\t\t\t\t\t\t\t\t<li class=\"elementor-icon-list-item\">\n\t\t\t\t\t\t\t\t\t\t\t<span class=\"elementor-icon-list-icon\">\n\t\t\t\t\t\t\t<svg aria-hidden=\"true\" class=\"e-font-icon-svg e-fas-leaf\" viewBox=\"0 0 576 512\" xmlns=\"http:\/\/www.w3.org\/2000\/svg\"><path d=\"M546.2 9.7c-5.6-12.5-21.6-13-28.3-1.2C486.9 62.4 431.4 96 368 96h-80C182 96 96 182 96 288c0 7 .8 13.7 1.5 20.5C161.3 262.8 253.4 224 384 224c8.8 0 16 7.2 16 16s-7.2 16-16 16C132.6 256 26 410.1 2.4 468c-6.6 16.3 1.2 34.9 17.5 41.6 16.4 6.8 35-1.1 41.8-17.3 1.5-3.6 20.9-47.9 71.9-90.6 32.4 43.9 94 85.8 174.9 77.2C465.5 467.5 576 326.7 576 154.3c0-50.2-10.8-102.2-29.8-144.6z\"><\/path><\/svg>\t\t\t\t\t\t<\/span>\n\t\t\t\t\t\t\t\t\t\t<span class=\"elementor-icon-list-text\">Begleitpflanzen sollten die Rosen nicht \u00fcberragen<\/span>\n\t\t\t\t\t\t\t\t\t<\/li>\n\t\t\t\t\t\t<\/ul>\n\t\t\t\t\t\t<\/div>\n\t\t\t\t<\/div>\n\t\t\t\t<div class=\"elementor-element elementor-element-7460953 elementor-widget__width-initial elementor-widget elementor-widget-heading\" data-id=\"7460953\" data-element_type=\"widget\" data-e-type=\"widget\" data-widget_type=\"heading.default\">\n\t\t\t\t<div class=\"elementor-widget-container\">\n\t\t\t\t\t<h2 class=\"elementor-heading-title elementor-size-default\">Rosen mit Stauden kombinieren<\/h2>\t\t\t\t<\/div>\n\t\t\t\t<\/div>\n\t\t\t\t<div class=\"elementor-element elementor-element-9f9878f elementor-widget elementor-widget-image\" data-id=\"9f9878f\" data-element_type=\"widget\" data-e-type=\"widget\" data-widget_type=\"image.default\">\n\t\t\t\t<div class=\"elementor-widget-container\">\n\t\t\t\t\t\t\t\t\t\t\t\t\t\t\t<img fetchpriority=\"high\" decoding=\"async\" width=\"800\" height=\"480\" src=\"https:\/\/www.garten-schlueter.de\/blog\/wp-content\/uploads\/banner2.jpg\" class=\"attachment-large size-large wp-image-7005\" alt=\"Lavendel\" srcset=\"https:\/\/www.garten-schlueter.de\/blog\/wp-content\/uploads\/banner2.jpg 1000w, https:\/\/www.garten-schlueter.de\/blog\/wp-content\/uploads\/banner2-300x180.jpg 300w, https:\/\/www.garten-schlueter.de\/blog\/wp-content\/uploads\/banner2-768x461.jpg 768w\" sizes=\"(max-width: 800px) 100vw, 800px\" \/>\t\t\t\t\t\t\t\t\t\t\t\t\t\t\t<\/div>\n\t\t\t\t<\/div>\n\t\t\t\t<div class=\"elementor-element elementor-element-4b0dbc9 elementor-widget elementor-widget-text-editor\" data-id=\"4b0dbc9\" data-element_type=\"widget\" data-e-type=\"widget\" data-widget_type=\"text-editor.default\">\n\t\t\t\t<div class=\"elementor-widget-container\">\n\t\t\t\t\t\t\t\t\t<p><strong><a href=\"\/stauden\/\">Stauden<\/a> sind mehrj\u00e4hrige Pflanzen<\/strong> und daher perfekte Begleiter f\u00fcr Rosen. Sie erg\u00e4nzen das Beet dauerhaft und setzen farbliche Akzente.<\/p>\t\t\t\t\t\t\t\t<\/div>\n\t\t\t\t<\/div>\n\t\t\t\t<div class=\"elementor-element elementor-element-ea80f02 elementor-widget__width-inherit elementor-icon-list--layout-traditional elementor-list-item-link-full_width elementor-widget elementor-widget-icon-list\" data-id=\"ea80f02\" data-element_type=\"widget\" data-e-type=\"widget\" data-widget_type=\"icon-list.default\">\n\t\t\t\t<div class=\"elementor-widget-container\">\n\t\t\t\t\t\t\t<ul class=\"elementor-icon-list-items\">\n\t\t\t\t\t\t\t<li class=\"elementor-icon-list-item\">\n\t\t\t\t\t\t\t\t\t\t\t<a href=\"\/rittersporn-blue-jay\/42372\">\n\n\t\t\t\t\t\t\t\t\t\t\t\t<span class=\"elementor-icon-list-icon\">\n\t\t\t\t\t\t\t<svg aria-hidden=\"true\" class=\"e-font-icon-svg e-fas-leaf\" viewBox=\"0 0 576 512\" xmlns=\"http:\/\/www.w3.org\/2000\/svg\"><path d=\"M546.2 9.7c-5.6-12.5-21.6-13-28.3-1.2C486.9 62.4 431.4 96 368 96h-80C182 96 96 182 96 288c0 7 .8 13.7 1.5 20.5C161.3 262.8 253.4 224 384 224c8.8 0 16 7.2 16 16s-7.2 16-16 16C132.6 256 26 410.1 2.4 468c-6.6 16.3 1.2 34.9 17.5 41.6 16.4 6.8 35-1.1 41.8-17.3 1.5-3.6 20.9-47.9 71.9-90.6 32.4 43.9 94 85.8 174.9 77.2C465.5 467.5 576 326.7 576 154.3c0-50.2-10.8-102.2-29.8-144.6z\"><\/path><\/svg>\t\t\t\t\t\t<\/span>\n\t\t\t\t\t\t\t\t\t\t<span class=\"elementor-icon-list-text\">Rittersporn (blau): sorgt f\u00fcr auff\u00e4llige Kontraste, z. B. mit gelben Rosen.<\/span>\n\t\t\t\t\t\t\t\t\t\t\t<\/a>\n\t\t\t\t\t\t\t\t\t<\/li>\n\t\t\t\t\t\t\t\t<li class=\"elementor-icon-list-item\">\n\t\t\t\t\t\t\t\t\t\t\t<a href=\"\/garten-fingerhut\/40930\">\n\n\t\t\t\t\t\t\t\t\t\t\t\t<span class=\"elementor-icon-list-icon\">\n\t\t\t\t\t\t\t<svg aria-hidden=\"true\" class=\"e-font-icon-svg e-fas-leaf\" viewBox=\"0 0 576 512\" xmlns=\"http:\/\/www.w3.org\/2000\/svg\"><path d=\"M546.2 9.7c-5.6-12.5-21.6-13-28.3-1.2C486.9 62.4 431.4 96 368 96h-80C182 96 96 182 96 288c0 7 .8 13.7 1.5 20.5C161.3 262.8 253.4 224 384 224c8.8 0 16 7.2 16 16s-7.2 16-16 16C132.6 256 26 410.1 2.4 468c-6.6 16.3 1.2 34.9 17.5 41.6 16.4 6.8 35-1.1 41.8-17.3 1.5-3.6 20.9-47.9 71.9-90.6 32.4 43.9 94 85.8 174.9 77.2C465.5 467.5 576 326.7 576 154.3c0-50.2-10.8-102.2-29.8-144.6z\"><\/path><\/svg>\t\t\t\t\t\t<\/span>\n\t\t\t\t\t\t\t\t\t\t<span class=\"elementor-icon-list-text\">Fingerhut \u2013 besonders sch\u00f6n in Kombination mit einfachen wei\u00dfen Rosen.<\/span>\n\t\t\t\t\t\t\t\t\t\t\t<\/a>\n\t\t\t\t\t\t\t\t\t<\/li>\n\t\t\t\t\t\t\t\t<li class=\"elementor-icon-list-item\">\n\t\t\t\t\t\t\t\t\t\t\t<a href=\"\/themen\/kletterpflanzen\/clematis\/\">\n\n\t\t\t\t\t\t\t\t\t\t\t\t<span class=\"elementor-icon-list-icon\">\n\t\t\t\t\t\t\t<svg aria-hidden=\"true\" class=\"e-font-icon-svg e-fas-leaf\" viewBox=\"0 0 576 512\" xmlns=\"http:\/\/www.w3.org\/2000\/svg\"><path d=\"M546.2 9.7c-5.6-12.5-21.6-13-28.3-1.2C486.9 62.4 431.4 96 368 96h-80C182 96 96 182 96 288c0 7 .8 13.7 1.5 20.5C161.3 262.8 253.4 224 384 224c8.8 0 16 7.2 16 16s-7.2 16-16 16C132.6 256 26 410.1 2.4 468c-6.6 16.3 1.2 34.9 17.5 41.6 16.4 6.8 35-1.1 41.8-17.3 1.5-3.6 20.9-47.9 71.9-90.6 32.4 43.9 94 85.8 174.9 77.2C465.5 467.5 576 326.7 576 154.3c0-50.2-10.8-102.2-29.8-144.6z\"><\/path><\/svg>\t\t\t\t\t\t<\/span>\n\t\t\t\t\t\t\t\t\t\t<span class=\"elementor-icon-list-text\">Clematis \u2013 die beliebteste Rosenpartnerin; Blau- und Lilat\u00f6ne passen zu jeder Bl\u00fctenfarbe.<\/span>\n\t\t\t\t\t\t\t\t\t\t\t<\/a>\n\t\t\t\t\t\t\t\t\t<\/li>\n\t\t\t\t\t\t\t\t<li class=\"elementor-icon-list-item\">\n\t\t\t\t\t\t\t\t\t\t\t<a href=\"\/frauenmantel-silbermantel-grossblaettriger-frauenmantel-9-cm-topf\/35085\">\n\n\t\t\t\t\t\t\t\t\t\t\t\t<span class=\"elementor-icon-list-icon\">\n\t\t\t\t\t\t\t<svg aria-hidden=\"true\" class=\"e-font-icon-svg e-fas-leaf\" viewBox=\"0 0 576 512\" xmlns=\"http:\/\/www.w3.org\/2000\/svg\"><path d=\"M546.2 9.7c-5.6-12.5-21.6-13-28.3-1.2C486.9 62.4 431.4 96 368 96h-80C182 96 96 182 96 288c0 7 .8 13.7 1.5 20.5C161.3 262.8 253.4 224 384 224c8.8 0 16 7.2 16 16s-7.2 16-16 16C132.6 256 26 410.1 2.4 468c-6.6 16.3 1.2 34.9 17.5 41.6 16.4 6.8 35-1.1 41.8-17.3 1.5-3.6 20.9-47.9 71.9-90.6 32.4 43.9 94 85.8 174.9 77.2C465.5 467.5 576 326.7 576 154.3c0-50.2-10.8-102.2-29.8-144.6z\"><\/path><\/svg>\t\t\t\t\t\t<\/span>\n\t\t\t\t\t\t\t\t\t\t<span class=\"elementor-icon-list-text\">Frauenmantel \u2013 hebt mit seinem dezenten Lindgr\u00fcn die Farben der Rose hervor.<\/span>\n\t\t\t\t\t\t\t\t\t\t\t<\/a>\n\t\t\t\t\t\t\t\t\t<\/li>\n\t\t\t\t\t\t\t\t<li class=\"elementor-icon-list-item\">\n\t\t\t\t\t\t\t\t\t\t\t<a href=\"\/katzenminze-superba\/41254\">\n\n\t\t\t\t\t\t\t\t\t\t\t\t<span class=\"elementor-icon-list-icon\">\n\t\t\t\t\t\t\t<svg aria-hidden=\"true\" class=\"e-font-icon-svg e-fas-leaf\" viewBox=\"0 0 576 512\" xmlns=\"http:\/\/www.w3.org\/2000\/svg\"><path d=\"M546.2 9.7c-5.6-12.5-21.6-13-28.3-1.2C486.9 62.4 431.4 96 368 96h-80C182 96 96 182 96 288c0 7 .8 13.7 1.5 20.5C161.3 262.8 253.4 224 384 224c8.8 0 16 7.2 16 16s-7.2 16-16 16C132.6 256 26 410.1 2.4 468c-6.6 16.3 1.2 34.9 17.5 41.6 16.4 6.8 35-1.1 41.8-17.3 1.5-3.6 20.9-47.9 71.9-90.6 32.4 43.9 94 85.8 174.9 77.2C465.5 467.5 576 326.7 576 154.3c0-50.2-10.8-102.2-29.8-144.6z\"><\/path><\/svg>\t\t\t\t\t\t<\/span>\n\t\t\t\t\t\t\t\t\t\t<span class=\"elementor-icon-list-text\">Katzenminze \u2013 bl\u00fcht von Mai bis Oktober, h\u00e4lt Sch\u00e4dlinge fern und vertreibt M\u00fccken.<\/span>\n\t\t\t\t\t\t\t\t\t\t\t<\/a>\n\t\t\t\t\t\t\t\t\t<\/li>\n\t\t\t\t\t\t\t\t<li class=\"elementor-icon-list-item\">\n\t\t\t\t\t\t\t\t\t\t\t<a href=\"\/kissen-aster-sapphire-aster-sapphire\/35093\">\n\n\t\t\t\t\t\t\t\t\t\t\t\t<span class=\"elementor-icon-list-icon\">\n\t\t\t\t\t\t\t<svg aria-hidden=\"true\" class=\"e-font-icon-svg e-fas-leaf\" viewBox=\"0 0 576 512\" xmlns=\"http:\/\/www.w3.org\/2000\/svg\"><path d=\"M546.2 9.7c-5.6-12.5-21.6-13-28.3-1.2C486.9 62.4 431.4 96 368 96h-80C182 96 96 182 96 288c0 7 .8 13.7 1.5 20.5C161.3 262.8 253.4 224 384 224c8.8 0 16 7.2 16 16s-7.2 16-16 16C132.6 256 26 410.1 2.4 468c-6.6 16.3 1.2 34.9 17.5 41.6 16.4 6.8 35-1.1 41.8-17.3 1.5-3.6 20.9-47.9 71.9-90.6 32.4 43.9 94 85.8 174.9 77.2C465.5 467.5 576 326.7 576 154.3c0-50.2-10.8-102.2-29.8-144.6z\"><\/path><\/svg>\t\t\t\t\t\t<\/span>\n\t\t\t\t\t\t\t\t\t\t<span class=\"elementor-icon-list-text\">Astern \u2013 verl\u00e4ngern die Bl\u00fchsaison und bieten Kontraste in Wei\u00df, Pink oder Lila.<\/span>\n\t\t\t\t\t\t\t\t\t\t\t<\/a>\n\t\t\t\t\t\t\t\t\t<\/li>\n\t\t\t\t\t\t<\/ul>\n\t\t\t\t\t\t<\/div>\n\t\t\t\t<\/div>\n\t\t\t\t<div class=\"elementor-element elementor-element-24c3dec elementor-widget__width-initial elementor-widget elementor-widget-heading\" data-id=\"24c3dec\" data-element_type=\"widget\" data-e-type=\"widget\" data-widget_type=\"heading.default\">\n\t\t\t\t<div class=\"elementor-widget-container\">\n\t\t\t\t\t<h2 class=\"elementor-heading-title elementor-size-default\">Rosen mit Gr\u00e4sern kombinieren<\/h2>\t\t\t\t<\/div>\n\t\t\t\t<\/div>\n\t\t\t\t<div class=\"elementor-element elementor-element-7e6c3f0 elementor-widget elementor-widget-text-editor\" data-id=\"7e6c3f0\" data-element_type=\"widget\" data-e-type=\"widget\" data-widget_type=\"text-editor.default\">\n\t\t\t\t<div class=\"elementor-widget-container\">\n\t\t\t\t\t\t\t\t\t<p><strong>Stauden sind mehrj\u00e4hrige Pflanzen<\/strong> und daher perfekte Begleiter f\u00fcr Rosen. Sie erg\u00e4nzen das Beet dauerhaft und setzen farbliche Akzente.<\/p>\t\t\t\t\t\t\t\t<\/div>\n\t\t\t\t<\/div>\n\t\t\t\t<div class=\"elementor-element elementor-element-203313f elementor-widget__width-inherit elementor-icon-list--layout-traditional elementor-list-item-link-full_width elementor-widget elementor-widget-icon-list\" data-id=\"203313f\" data-element_type=\"widget\" data-e-type=\"widget\" data-widget_type=\"icon-list.default\">\n\t\t\t\t<div class=\"elementor-widget-container\">\n\t\t\t\t\t\t\t<ul class=\"elementor-icon-list-items\">\n\t\t\t\t\t\t\t<li class=\"elementor-icon-list-item\">\n\t\t\t\t\t\t\t\t\t\t\t<a href=\"\/rosa-orient-lampenputzergras-karley-rose-federborstengras\/43943\">\n\n\t\t\t\t\t\t\t\t\t\t\t\t<span class=\"elementor-icon-list-icon\">\n\t\t\t\t\t\t\t<svg aria-hidden=\"true\" class=\"e-font-icon-svg e-fas-leaf\" viewBox=\"0 0 576 512\" xmlns=\"http:\/\/www.w3.org\/2000\/svg\"><path d=\"M546.2 9.7c-5.6-12.5-21.6-13-28.3-1.2C486.9 62.4 431.4 96 368 96h-80C182 96 96 182 96 288c0 7 .8 13.7 1.5 20.5C161.3 262.8 253.4 224 384 224c8.8 0 16 7.2 16 16s-7.2 16-16 16C132.6 256 26 410.1 2.4 468c-6.6 16.3 1.2 34.9 17.5 41.6 16.4 6.8 35-1.1 41.8-17.3 1.5-3.6 20.9-47.9 71.9-90.6 32.4 43.9 94 85.8 174.9 77.2C465.5 467.5 576 326.7 576 154.3c0-50.2-10.8-102.2-29.8-144.6z\"><\/path><\/svg>\t\t\t\t\t\t<\/span>\n\t\t\t\t\t\t\t\t\t\t<span class=\"elementor-icon-list-text\">Lampenputzergras: setzt sanfte Akzente neben kr\u00e4ftig bl\u00fchenden Rosen.<\/span>\n\t\t\t\t\t\t\t\t\t\t\t<\/a>\n\t\t\t\t\t\t\t\t\t<\/li>\n\t\t\t\t\t\t\t\t<li class=\"elementor-icon-list-item\">\n\t\t\t\t\t\t\t\t\t\t\t<a href=\"\/purpur-liebesgras\/44024\">\n\n\t\t\t\t\t\t\t\t\t\t\t\t<span class=\"elementor-icon-list-icon\">\n\t\t\t\t\t\t\t<svg aria-hidden=\"true\" class=\"e-font-icon-svg e-fas-leaf\" viewBox=\"0 0 576 512\" xmlns=\"http:\/\/www.w3.org\/2000\/svg\"><path d=\"M546.2 9.7c-5.6-12.5-21.6-13-28.3-1.2C486.9 62.4 431.4 96 368 96h-80C182 96 96 182 96 288c0 7 .8 13.7 1.5 20.5C161.3 262.8 253.4 224 384 224c8.8 0 16 7.2 16 16s-7.2 16-16 16C132.6 256 26 410.1 2.4 468c-6.6 16.3 1.2 34.9 17.5 41.6 16.4 6.8 35-1.1 41.8-17.3 1.5-3.6 20.9-47.9 71.9-90.6 32.4 43.9 94 85.8 174.9 77.2C465.5 467.5 576 326.7 576 154.3c0-50.2-10.8-102.2-29.8-144.6z\"><\/path><\/svg>\t\t\t\t\t\t<\/span>\n\t\t\t\t\t\t\t\t\t\t<span class=\"elementor-icon-list-text\">Liebesgras: ideal f\u00fcr naturnahe G\u00e4rten.<\/span>\n\t\t\t\t\t\t\t\t\t\t\t<\/a>\n\t\t\t\t\t\t\t\t\t<\/li>\n\t\t\t\t\t\t\t\t<li class=\"elementor-icon-list-item\">\n\t\t\t\t\t\t\t\t\t\t\t<a href=\"\/blauschwingel\/35345\">\n\n\t\t\t\t\t\t\t\t\t\t\t\t<span class=\"elementor-icon-list-icon\">\n\t\t\t\t\t\t\t<svg aria-hidden=\"true\" class=\"e-font-icon-svg e-fas-leaf\" viewBox=\"0 0 576 512\" xmlns=\"http:\/\/www.w3.org\/2000\/svg\"><path d=\"M546.2 9.7c-5.6-12.5-21.6-13-28.3-1.2C486.9 62.4 431.4 96 368 96h-80C182 96 96 182 96 288c0 7 .8 13.7 1.5 20.5C161.3 262.8 253.4 224 384 224c8.8 0 16 7.2 16 16s-7.2 16-16 16C132.6 256 26 410.1 2.4 468c-6.6 16.3 1.2 34.9 17.5 41.6 16.4 6.8 35-1.1 41.8-17.3 1.5-3.6 20.9-47.9 71.9-90.6 32.4 43.9 94 85.8 174.9 77.2C465.5 467.5 576 326.7 576 154.3c0-50.2-10.8-102.2-29.8-144.6z\"><\/path><\/svg>\t\t\t\t\t\t<\/span>\n\t\t\t\t\t\t\t\t\t\t<span class=\"elementor-icon-list-text\">Blauschwingel &amp; Zierhirse: bringen mit ihrem Laub Farbvariationen von Gr\u00fcn bis Rot ins Beet.<\/span>\n\t\t\t\t\t\t\t\t\t\t\t<\/a>\n\t\t\t\t\t\t\t\t\t<\/li>\n\t\t\t\t\t\t<\/ul>\n\t\t\t\t\t\t<\/div>\n\t\t\t\t<\/div>\n\t\t\t\t<div class=\"elementor-element elementor-element-fca4711 elementor-widget__width-initial elementor-widget elementor-widget-heading\" data-id=\"fca4711\" data-element_type=\"widget\" data-e-type=\"widget\" data-widget_type=\"heading.default\">\n\t\t\t\t<div class=\"elementor-widget-container\">\n\t\t\t\t\t<h2 class=\"elementor-heading-title elementor-size-default\">Rosen mit Kr\u00e4utern kombinieren<\/h2>\t\t\t\t<\/div>\n\t\t\t\t<\/div>\n\t\t\t\t<div class=\"elementor-element elementor-element-a54b75a elementor-widget elementor-widget-text-editor\" data-id=\"a54b75a\" data-element_type=\"widget\" data-e-type=\"widget\" data-widget_type=\"text-editor.default\">\n\t\t\t\t<div class=\"elementor-widget-container\">\n\t\t\t\t\t\t\t\t\t<p><strong>Stauden sind mehrj\u00e4hrige Pflanzen<\/strong> und daher perfekte Begleiter f\u00fcr Rosen. Sie erg\u00e4nzen das Beet dauerhaft und setzen farbliche Akzente.<\/p>\t\t\t\t\t\t\t\t<\/div>\n\t\t\t\t<\/div>\n\t\t\t\t<div class=\"elementor-element elementor-element-972a181 elementor-widget__width-inherit elementor-icon-list--layout-traditional elementor-list-item-link-full_width elementor-widget elementor-widget-icon-list\" data-id=\"972a181\" data-element_type=\"widget\" data-e-type=\"widget\" data-widget_type=\"icon-list.default\">\n\t\t\t\t<div class=\"elementor-widget-container\">\n\t\t\t\t\t\t\t<ul class=\"elementor-icon-list-items\">\n\t\t\t\t\t\t\t<li class=\"elementor-icon-list-item\">\n\t\t\t\t\t\t\t\t\t\t\t<a href=\"\/lavendel-phenomenal-niko\/34242\">\n\n\t\t\t\t\t\t\t\t\t\t\t\t<span class=\"elementor-icon-list-icon\">\n\t\t\t\t\t\t\t<svg aria-hidden=\"true\" class=\"e-font-icon-svg e-fas-leaf\" viewBox=\"0 0 576 512\" xmlns=\"http:\/\/www.w3.org\/2000\/svg\"><path d=\"M546.2 9.7c-5.6-12.5-21.6-13-28.3-1.2C486.9 62.4 431.4 96 368 96h-80C182 96 96 182 96 288c0 7 .8 13.7 1.5 20.5C161.3 262.8 253.4 224 384 224c8.8 0 16 7.2 16 16s-7.2 16-16 16C132.6 256 26 410.1 2.4 468c-6.6 16.3 1.2 34.9 17.5 41.6 16.4 6.8 35-1.1 41.8-17.3 1.5-3.6 20.9-47.9 71.9-90.6 32.4 43.9 94 85.8 174.9 77.2C465.5 467.5 576 326.7 576 154.3c0-50.2-10.8-102.2-29.8-144.6z\"><\/path><\/svg>\t\t\t\t\t\t<\/span>\n\t\t\t\t\t\t\t\t\t\t<span class=\"elementor-icon-list-text\">Lavendel: der Klassiker unter den Rosenbegleitern, h\u00e4lt Blattl\u00e4use fern.<\/span>\n\t\t\t\t\t\t\t\t\t\t\t<\/a>\n\t\t\t\t\t\t\t\t\t<\/li>\n\t\t\t\t\t\t\t\t<li class=\"elementor-icon-list-item\">\n\t\t\t\t\t\t\t\t\t\t\t<a href=\"\/stauden\/kraeuter\/\">\n\n\t\t\t\t\t\t\t\t\t\t\t\t<span class=\"elementor-icon-list-icon\">\n\t\t\t\t\t\t\t<svg aria-hidden=\"true\" class=\"e-font-icon-svg e-fas-leaf\" viewBox=\"0 0 576 512\" xmlns=\"http:\/\/www.w3.org\/2000\/svg\"><path d=\"M546.2 9.7c-5.6-12.5-21.6-13-28.3-1.2C486.9 62.4 431.4 96 368 96h-80C182 96 96 182 96 288c0 7 .8 13.7 1.5 20.5C161.3 262.8 253.4 224 384 224c8.8 0 16 7.2 16 16s-7.2 16-16 16C132.6 256 26 410.1 2.4 468c-6.6 16.3 1.2 34.9 17.5 41.6 16.4 6.8 35-1.1 41.8-17.3 1.5-3.6 20.9-47.9 71.9-90.6 32.4 43.9 94 85.8 174.9 77.2C465.5 467.5 576 326.7 576 154.3c0-50.2-10.8-102.2-29.8-144.6z\"><\/path><\/svg>\t\t\t\t\t\t<\/span>\n\t\t\t\t\t\t\t\t\t\t<span class=\"elementor-icon-list-text\">Thymian &amp; Oregano: robuste Bodendecker, die sich gut ins Beet einf\u00fcgen.<\/span>\n\t\t\t\t\t\t\t\t\t\t\t<\/a>\n\t\t\t\t\t\t\t\t\t<\/li>\n\t\t\t\t\t\t\t\t<li class=\"elementor-icon-list-item\">\n\t\t\t\t\t\t\t\t\t\t\t<span class=\"elementor-icon-list-icon\">\n\t\t\t\t\t\t\t<svg aria-hidden=\"true\" class=\"e-font-icon-svg e-fas-leaf\" viewBox=\"0 0 576 512\" xmlns=\"http:\/\/www.w3.org\/2000\/svg\"><path d=\"M546.2 9.7c-5.6-12.5-21.6-13-28.3-1.2C486.9 62.4 431.4 96 368 96h-80C182 96 96 182 96 288c0 7 .8 13.7 1.5 20.5C161.3 262.8 253.4 224 384 224c8.8 0 16 7.2 16 16s-7.2 16-16 16C132.6 256 26 410.1 2.4 468c-6.6 16.3 1.2 34.9 17.5 41.6 16.4 6.8 35-1.1 41.8-17.3 1.5-3.6 20.9-47.9 71.9-90.6 32.4 43.9 94 85.8 174.9 77.2C465.5 467.5 576 326.7 576 154.3c0-50.2-10.8-102.2-29.8-144.6z\"><\/path><\/svg>\t\t\t\t\t\t<\/span>\n\t\t\t\t\t\t\t\t\t\t<span class=\"elementor-icon-list-text\">Schnittlauch &amp; Estragon: erg\u00e4nzen das Rosensortiment in Duft und Optik<\/span>\n\t\t\t\t\t\t\t\t\t<\/li>\n\t\t\t\t\t\t\t\t<li class=\"elementor-icon-list-item\">\n\t\t\t\t\t\t\t\t\t\t\t<a href=\"\/blueten-salbei-blaukoenigin\/48338\">\n\n\t\t\t\t\t\t\t\t\t\t\t\t<span class=\"elementor-icon-list-icon\">\n\t\t\t\t\t\t\t<svg aria-hidden=\"true\" class=\"e-font-icon-svg e-fas-leaf\" viewBox=\"0 0 576 512\" xmlns=\"http:\/\/www.w3.org\/2000\/svg\"><path d=\"M546.2 9.7c-5.6-12.5-21.6-13-28.3-1.2C486.9 62.4 431.4 96 368 96h-80C182 96 96 182 96 288c0 7 .8 13.7 1.5 20.5C161.3 262.8 253.4 224 384 224c8.8 0 16 7.2 16 16s-7.2 16-16 16C132.6 256 26 410.1 2.4 468c-6.6 16.3 1.2 34.9 17.5 41.6 16.4 6.8 35-1.1 41.8-17.3 1.5-3.6 20.9-47.9 71.9-90.6 32.4 43.9 94 85.8 174.9 77.2C465.5 467.5 576 326.7 576 154.3c0-50.2-10.8-102.2-29.8-144.6z\"><\/path><\/svg>\t\t\t\t\t\t<\/span>\n\t\t\t\t\t\t\t\t\t\t<span class=\"elementor-icon-list-text\">Salbei &amp; Rosmarin: ideal f\u00fcr trockenere, warme Standorte.<\/span>\n\t\t\t\t\t\t\t\t\t\t\t<\/a>\n\t\t\t\t\t\t\t\t\t<\/li>\n\t\t\t\t\t\t<\/ul>\n\t\t\t\t\t\t<\/div>\n\t\t\t\t<\/div>\n\t\t\t\t<div class=\"elementor-element elementor-element-0d0e727 elementor-widget__width-initial elementor-widget elementor-widget-heading\" data-id=\"0d0e727\" data-element_type=\"widget\" data-e-type=\"widget\" data-widget_type=\"heading.default\">\n\t\t\t\t<div class=\"elementor-widget-container\">\n\t\t\t\t\t<h2 class=\"elementor-heading-title elementor-size-default\">Farben geschickt kombinieren<\/h2>\t\t\t\t<\/div>\n\t\t\t\t<\/div>\n\t\t\t\t<div class=\"elementor-element elementor-element-99ce939 elementor-widget__width-inherit elementor-icon-list--layout-traditional elementor-list-item-link-full_width elementor-widget elementor-widget-icon-list\" data-id=\"99ce939\" data-element_type=\"widget\" data-e-type=\"widget\" data-widget_type=\"icon-list.default\">\n\t\t\t\t<div class=\"elementor-widget-container\">\n\t\t\t\t\t\t\t<ul class=\"elementor-icon-list-items\">\n\t\t\t\t\t\t\t<li class=\"elementor-icon-list-item\">\n\t\t\t\t\t\t\t\t\t\t\t<span class=\"elementor-icon-list-icon\">\n\t\t\t\t\t\t\t<svg aria-hidden=\"true\" class=\"e-font-icon-svg e-fas-leaf\" viewBox=\"0 0 576 512\" xmlns=\"http:\/\/www.w3.org\/2000\/svg\"><path d=\"M546.2 9.7c-5.6-12.5-21.6-13-28.3-1.2C486.9 62.4 431.4 96 368 96h-80C182 96 96 182 96 288c0 7 .8 13.7 1.5 20.5C161.3 262.8 253.4 224 384 224c8.8 0 16 7.2 16 16s-7.2 16-16 16C132.6 256 26 410.1 2.4 468c-6.6 16.3 1.2 34.9 17.5 41.6 16.4 6.8 35-1.1 41.8-17.3 1.5-3.6 20.9-47.9 71.9-90.6 32.4 43.9 94 85.8 174.9 77.2C465.5 467.5 576 326.7 576 154.3c0-50.2-10.8-102.2-29.8-144.6z\"><\/path><\/svg>\t\t\t\t\t\t<\/span>\n\t\t\t\t\t\t\t\t\t\t<span class=\"elementor-icon-list-text\"><b>Rot<\/b> \u2013 wirkt intensiv und zieht den Blick auf sich.<\/span>\n\t\t\t\t\t\t\t\t\t<\/li>\n\t\t\t\t\t\t\t\t<li class=\"elementor-icon-list-item\">\n\t\t\t\t\t\t\t\t\t\t\t<span class=\"elementor-icon-list-icon\">\n\t\t\t\t\t\t\t<svg aria-hidden=\"true\" class=\"e-font-icon-svg e-fas-leaf\" viewBox=\"0 0 576 512\" xmlns=\"http:\/\/www.w3.org\/2000\/svg\"><path d=\"M546.2 9.7c-5.6-12.5-21.6-13-28.3-1.2C486.9 62.4 431.4 96 368 96h-80C182 96 96 182 96 288c0 7 .8 13.7 1.5 20.5C161.3 262.8 253.4 224 384 224c8.8 0 16 7.2 16 16s-7.2 16-16 16C132.6 256 26 410.1 2.4 468c-6.6 16.3 1.2 34.9 17.5 41.6 16.4 6.8 35-1.1 41.8-17.3 1.5-3.6 20.9-47.9 71.9-90.6 32.4 43.9 94 85.8 174.9 77.2C465.5 467.5 576 326.7 576 154.3c0-50.2-10.8-102.2-29.8-144.6z\"><\/path><\/svg>\t\t\t\t\t\t<\/span>\n\t\t\t\t\t\t\t\t\t\t<span class=\"elementor-icon-list-text\"><b>Blau &amp; Lila<\/b> \u2013 lassen den Garten gr\u00f6\u00dfer wirken.<\/span>\n\t\t\t\t\t\t\t\t\t<\/li>\n\t\t\t\t\t\t\t\t<li class=\"elementor-icon-list-item\">\n\t\t\t\t\t\t\t\t\t\t\t<span class=\"elementor-icon-list-icon\">\n\t\t\t\t\t\t\t<svg aria-hidden=\"true\" class=\"e-font-icon-svg e-fas-leaf\" viewBox=\"0 0 576 512\" xmlns=\"http:\/\/www.w3.org\/2000\/svg\"><path d=\"M546.2 9.7c-5.6-12.5-21.6-13-28.3-1.2C486.9 62.4 431.4 96 368 96h-80C182 96 96 182 96 288c0 7 .8 13.7 1.5 20.5C161.3 262.8 253.4 224 384 224c8.8 0 16 7.2 16 16s-7.2 16-16 16C132.6 256 26 410.1 2.4 468c-6.6 16.3 1.2 34.9 17.5 41.6 16.4 6.8 35-1.1 41.8-17.3 1.5-3.6 20.9-47.9 71.9-90.6 32.4 43.9 94 85.8 174.9 77.2C465.5 467.5 576 326.7 576 154.3c0-50.2-10.8-102.2-29.8-144.6z\"><\/path><\/svg>\t\t\t\t\t\t<\/span>\n\t\t\t\t\t\t\t\t\t\t<span class=\"elementor-icon-list-text\"><b>Wei\u00df<\/b> \u2013 trennt verschiedene Farben optisch voneinander.<\/span>\n\t\t\t\t\t\t\t\t\t<\/li>\n\t\t\t\t\t\t\t\t<li class=\"elementor-icon-list-item\">\n\t\t\t\t\t\t\t\t\t\t\t<span class=\"elementor-icon-list-icon\">\n\t\t\t\t\t\t\t<svg aria-hidden=\"true\" class=\"e-font-icon-svg e-fas-leaf\" viewBox=\"0 0 576 512\" xmlns=\"http:\/\/www.w3.org\/2000\/svg\"><path d=\"M546.2 9.7c-5.6-12.5-21.6-13-28.3-1.2C486.9 62.4 431.4 96 368 96h-80C182 96 96 182 96 288c0 7 .8 13.7 1.5 20.5C161.3 262.8 253.4 224 384 224c8.8 0 16 7.2 16 16s-7.2 16-16 16C132.6 256 26 410.1 2.4 468c-6.6 16.3 1.2 34.9 17.5 41.6 16.4 6.8 35-1.1 41.8-17.3 1.5-3.6 20.9-47.9 71.9-90.6 32.4 43.9 94 85.8 174.9 77.2C465.5 467.5 576 326.7 576 154.3c0-50.2-10.8-102.2-29.8-144.6z\"><\/path><\/svg>\t\t\t\t\t\t<\/span>\n\t\t\t\t\t\t\t\t\t\t<span class=\"elementor-icon-list-text\"><b>Gelb &amp; Pastellt\u00f6ne<\/b> \u2013 entfalten ihre Wirkung besonders im Halbschatten.<\/span>\n\t\t\t\t\t\t\t\t\t<\/li>\n\t\t\t\t\t\t\t\t<li class=\"elementor-icon-list-item\">\n\t\t\t\t\t\t\t\t\t\t\t<span class=\"elementor-icon-list-icon\">\n\t\t\t\t\t\t\t<svg aria-hidden=\"true\" class=\"e-font-icon-svg e-fas-leaf\" viewBox=\"0 0 576 512\" xmlns=\"http:\/\/www.w3.org\/2000\/svg\"><path d=\"M546.2 9.7c-5.6-12.5-21.6-13-28.3-1.2C486.9 62.4 431.4 96 368 96h-80C182 96 96 182 96 288c0 7 .8 13.7 1.5 20.5C161.3 262.8 253.4 224 384 224c8.8 0 16 7.2 16 16s-7.2 16-16 16C132.6 256 26 410.1 2.4 468c-6.6 16.3 1.2 34.9 17.5 41.6 16.4 6.8 35-1.1 41.8-17.3 1.5-3.6 20.9-47.9 71.9-90.6 32.4 43.9 94 85.8 174.9 77.2C465.5 467.5 576 326.7 576 154.3c0-50.2-10.8-102.2-29.8-144.6z\"><\/path><\/svg>\t\t\t\t\t\t<\/span>\n\t\t\t\t\t\t\t\t\t\t<span class=\"elementor-icon-list-text\"><b>Gr\u00fcn<\/b> \u2013 bringt Ruhe in schattige Bereiche.<\/span>\n\t\t\t\t\t\t\t\t\t<\/li>\n\t\t\t\t\t\t<\/ul>\n\t\t\t\t\t\t<\/div>\n\t\t\t\t<\/div>\n\t\t\t\t<\/div>\n\t\t<div class=\"elementor-element elementor-element-89fa405 e-con-full e-flex e-con e-child\" data-id=\"89fa405\" data-element_type=\"container\" data-e-type=\"container\">\n\t\t\t\t<div class=\"elementor-element elementor-element-395cda3 elementor-widget__width-initial elementor-widget elementor-widget-heading\" data-id=\"395cda3\" data-element_type=\"widget\" data-e-type=\"widget\" data-widget_type=\"heading.default\">\n\t\t\t\t<div class=\"elementor-widget-container\">\n\t\t\t\t\t<h2 class=\"elementor-heading-title elementor-size-default\">Neue Rosenbegleiter shoppen<\/h2>\t\t\t\t<\/div>\n\t\t\t\t<\/div>\n\t\t\t\t<div class=\"elementor-element elementor-element-d521f39 elementor-widget elementor-widget-text-editor\" data-id=\"d521f39\" data-element_type=\"widget\" data-e-type=\"widget\" data-widget_type=\"text-editor.default\">\n\t\t\t\t<div class=\"elementor-widget-container\">\n\t\t\t\t\t\t\t\t\t<p><div class=\"sw-product-slider-container sw-product-slider-container-176645fee9ba654209f7585a66da59811a1dec85\">\r\n    <div class=\"sw-product-slider sw-product-slider-176645fee9ba654209f7585a66da59811a1dec85\">\r\n                    <div class=\"sw-product-slider-item\">\r\n                <div class=\"sw-product\">\r\n    <a class=\"sw-product-image\" href=\"https:\/\/www.garten-schlueter.de\/stockrose-gelb-3-stueck\/35078\">\r\n                    <img decoding=\"async\" src=\"https:\/\/www.garten-schlueter.de\/thumbnail\/43\/31\/6b\/1731517435\/1-35078-stockrose-gelb-jpg_400x400.jpg?ts=1731517435\" alt=\"Stockrose 'Gelb' - 3 St\u00fcck\">\r\n            <\/a>\r\n    <div class=\"sw-product-info\">\r\n        <a class=\"sw-product-name\" href=\"https:\/\/www.garten-schlueter.de\/stockrose-gelb-3-stueck\/35078\">\r\n            Stockrose &#8218;Gelb&#8216; &#8211; 3 St\u00fcck        <\/a>\r\n        <div class=\"sw-product-botanical-name\">\r\n                            Alcea rosea                    <\/div>\r\n        <div class=\"sw-product-price\">\r\n                                        ab\r\n                        9,77 \u20ac\r\n                            <div class=\"sw-product-reference-price\">\r\n                    3 Stck. (3,26 \u20ac \/ 1 Stck.)\r\n                <\/div>\r\n                    <\/div>\r\n        <a class=\"sw-product-btn btn btn-blue\" href=\"https:\/\/www.garten-schlueter.de\/stockrose-gelb-3-stueck\/35078\">\r\n            Details\r\n        <\/a>\r\n    <\/div>\r\n<\/div>            <\/div>\r\n                    <div class=\"sw-product-slider-item\">\r\n                <div class=\"sw-product\">\r\n    <a class=\"sw-product-image\" href=\"https:\/\/www.garten-schlueter.de\/kleinbluetige-bergminze-marvelette-blue\/41653\">\r\n                    <img decoding=\"async\" src=\"https:\/\/www.garten-schlueter.de\/thumbnail\/01\/00\/b5\/1770114672\/1-41653-kleinbluetige-bergminze-marvelette-blue-jpg_400x400.jpg?ts=1770114673\" alt=\"Kleinbl\u00fctige Bergminze 'Marvelette Blue'\">\r\n            <\/a>\r\n    <div class=\"sw-product-info\">\r\n        <a class=\"sw-product-name\" href=\"https:\/\/www.garten-schlueter.de\/kleinbluetige-bergminze-marvelette-blue\/41653\">\r\n            Kleinbl\u00fctige Bergminze &#8218;Marvelette Blue&#8216;        <\/a>\r\n        <div class=\"sw-product-botanical-name\">\r\n                            Calamintha nepeta &#8218;Marvelette Blue&#8216;                    <\/div>\r\n        <div class=\"sw-product-price\">\r\n                                    3,99 \u20ac\r\n                    <\/div>\r\n        <a class=\"sw-product-btn btn btn-blue\" href=\"https:\/\/www.garten-schlueter.de\/kleinbluetige-bergminze-marvelette-blue\/41653\">\r\n            Details\r\n        <\/a>\r\n    <\/div>\r\n<\/div>            <\/div>\r\n                    <div class=\"sw-product-slider-item\">\r\n                <div class=\"sw-product\">\r\n    <a class=\"sw-product-image\" href=\"https:\/\/www.garten-schlueter.de\/rippenfarn-stripeti\/45652\">\r\n                    <img decoding=\"async\" src=\"https:\/\/www.garten-schlueter.de\/blog\/wp-content\/plugins\/NF-Shopware\/assets\/img\/no-picture.jpg\" alt=\"Rippenfarn 'Stripeti'\">\r\n            <\/a>\r\n    <div class=\"sw-product-info\">\r\n        <a class=\"sw-product-name\" href=\"https:\/\/www.garten-schlueter.de\/rippenfarn-stripeti\/45652\">\r\n            Rippenfarn &#8218;Stripeti&#8216;        <\/a>\r\n        <div class=\"sw-product-botanical-name\">\r\n                            Blechnum spicant &#8218;Stripeti&#8216;                    <\/div>\r\n        <div class=\"sw-product-price\">\r\n                                    13,99 \u20ac\r\n                    <\/div>\r\n        <a class=\"sw-product-btn btn btn-blue\" href=\"https:\/\/www.garten-schlueter.de\/rippenfarn-stripeti\/45652\">\r\n            Details\r\n        <\/a>\r\n    <\/div>\r\n<\/div>            <\/div>\r\n                    <div class=\"sw-product-slider-item\">\r\n                <div class=\"sw-product\">\r\n    <a class=\"sw-product-image\" href=\"https:\/\/www.garten-schlueter.de\/blaukissen-alba\/43251\">\r\n                    <img decoding=\"async\" src=\"https:\/\/www.garten-schlueter.de\/blog\/wp-content\/plugins\/NF-Shopware\/assets\/img\/no-picture.jpg\" alt=\"Blaukissen 'Alba'\">\r\n            <\/a>\r\n    <div class=\"sw-product-info\">\r\n        <a class=\"sw-product-name\" href=\"https:\/\/www.garten-schlueter.de\/blaukissen-alba\/43251\">\r\n            Blaukissen &#8218;Alba&#8216;        <\/a>\r\n        <div class=\"sw-product-botanical-name\">\r\n                            Aubrieta x cultorum &#8218;Alba&#8216;                    <\/div>\r\n        <div class=\"sw-product-price\">\r\n                                    4,99 \u20ac\r\n                    <\/div>\r\n        <a class=\"sw-product-btn btn btn-blue\" href=\"https:\/\/www.garten-schlueter.de\/blaukissen-alba\/43251\">\r\n            Details\r\n        <\/a>\r\n    <\/div>\r\n<\/div>            <\/div>\r\n                    <div class=\"sw-product-slider-item\">\r\n                <div class=\"sw-product\">\r\n    <a class=\"sw-product-image\" href=\"https:\/\/www.garten-schlueter.de\/lavendelblaue-katzenminze-9cm-topf-3-stueck\/41714\">\r\n                    <img decoding=\"async\" src=\"https:\/\/www.garten-schlueter.de\/thumbnail\/ee\/99\/52\/1740145885\/1-41714-lavendelblaue-katzenminze-nepeta-faassenii-jpg_400x400.jpg?ts=1740145886\" alt=\"Lavendelblaue Katzenminze\">\r\n            <\/a>\r\n    <div class=\"sw-product-info\">\r\n        <a class=\"sw-product-name\" href=\"https:\/\/www.garten-schlueter.de\/lavendelblaue-katzenminze-9cm-topf-3-stueck\/41714\">\r\n            Lavendelblaue Katzenminze        <\/a>\r\n        <div class=\"sw-product-botanical-name\">\r\n                            Nepeta faassenii                    <\/div>\r\n        <div class=\"sw-product-price\">\r\n                                        ab\r\n                        9,88 \u20ac\r\n                            <div class=\"sw-product-reference-price\">\r\n                    3 Stck. (3,29 \u20ac \/ 1 Stck.)\r\n                <\/div>\r\n                    <\/div>\r\n        <a class=\"sw-product-btn btn btn-blue\" href=\"https:\/\/www.garten-schlueter.de\/lavendelblaue-katzenminze-9cm-topf-3-stueck\/41714\">\r\n            Details\r\n        <\/a>\r\n    <\/div>\r\n<\/div>            <\/div>\r\n                    <div class=\"sw-product-slider-item\">\r\n                <div class=\"sw-product\">\r\n    <a class=\"sw-product-image\" href=\"https:\/\/www.garten-schlueter.de\/echtes-suessholz-ewiges-gemuese-suessholz\/35952\">\r\n                    <img decoding=\"async\" src=\"https:\/\/www.garten-schlueter.de\/thumbnail\/7a\/e9\/d4\/1761129710\/1-35952-suessholz-glycyrrhiza-jpg_400x400.jpg?ts=1761129711\" alt=\"Echtes S\u00fc\u00dfholz 'Ewiges Gem\u00fcse\u00ae S\u00fc\u00dfholz'\">\r\n            <\/a>\r\n    <div class=\"sw-product-info\">\r\n        <a class=\"sw-product-name\" href=\"https:\/\/www.garten-schlueter.de\/echtes-suessholz-ewiges-gemuese-suessholz\/35952\">\r\n            Echtes S\u00fc\u00dfholz &#8218;Ewiges Gem\u00fcse\u00ae S\u00fc\u00dfholz&#8216;        <\/a>\r\n        <div class=\"sw-product-botanical-name\">\r\n                            Glycyrrhiza glabra                    <\/div>\r\n        <div class=\"sw-product-price\">\r\n                                        ab\r\n                        13,99 \u20ac\r\n                    <\/div>\r\n        <a class=\"sw-product-btn btn btn-blue\" href=\"https:\/\/www.garten-schlueter.de\/echtes-suessholz-ewiges-gemuese-suessholz\/35952\">\r\n            Details\r\n        <\/a>\r\n    <\/div>\r\n<\/div>            <\/div>\r\n                    <div class=\"sw-product-slider-item\">\r\n                <div class=\"sw-product\">\r\n    <a class=\"sw-product-image\" href=\"https:\/\/www.garten-schlueter.de\/lampenputzergras-hameln-9-cm-topf\/43947\">\r\n                    <img decoding=\"async\" src=\"https:\/\/www.garten-schlueter.de\/thumbnail\/e7\/c0\/71\/1750755937\/3-pennisetum-alopecuroides-hameln-lampenputzergras-jpg_400x400.jpg?ts=1750755938\" alt=\"Lampenputzergras 'Hameln'\">\r\n            <\/a>\r\n    <div class=\"sw-product-info\">\r\n        <a class=\"sw-product-name\" href=\"https:\/\/www.garten-schlueter.de\/lampenputzergras-hameln-9-cm-topf\/43947\">\r\n            Lampenputzergras &#8218;Hameln&#8216;        <\/a>\r\n        <div class=\"sw-product-botanical-name\">\r\n                    <\/div>\r\n        <div class=\"sw-product-price\">\r\n                                        ab\r\n                        4,06 \u20ac\r\n                    <\/div>\r\n        <a class=\"sw-product-btn btn btn-blue\" href=\"https:\/\/www.garten-schlueter.de\/lampenputzergras-hameln-9-cm-topf\/43947\">\r\n            Details\r\n        <\/a>\r\n    <\/div>\r\n<\/div>            <\/div>\r\n                    <div class=\"sw-product-slider-item\">\r\n                <div class=\"sw-product\">\r\n    <a class=\"sw-product-image\" href=\"https:\/\/www.garten-schlueter.de\/sonnenroeschen-rosa-3-stueck\/44336\">\r\n                    <img decoding=\"async\" src=\"https:\/\/www.garten-schlueter.de\/thumbnail\/da\/cc\/88\/1731518192\/1-44336-sonnenroeschen-rosa-3-stueck-helianthemum_400x400.jpg?ts=1731518193\" alt=\"Sonnenr\u00f6schen 'Rosa' - 3 St\u00fcck\">\r\n            <\/a>\r\n    <div class=\"sw-product-info\">\r\n        <a class=\"sw-product-name\" href=\"https:\/\/www.garten-schlueter.de\/sonnenroeschen-rosa-3-stueck\/44336\">\r\n            Sonnenr\u00f6schen &#8218;Rosa&#8216; &#8211; 3 St\u00fcck        <\/a>\r\n        <div class=\"sw-product-botanical-name\">\r\n                            Helianthemum                    <\/div>\r\n        <div class=\"sw-product-price\">\r\n                                        ab\r\n                        10,79 \u20ac\r\n                            <div class=\"sw-product-reference-price\">\r\n                    3 Stck. (3,60 \u20ac \/ 1 Stck.)\r\n                <\/div>\r\n                    <\/div>\r\n        <a class=\"sw-product-btn btn btn-blue\" href=\"https:\/\/www.garten-schlueter.de\/sonnenroeschen-rosa-3-stueck\/44336\">\r\n            Details\r\n        <\/a>\r\n    <\/div>\r\n<\/div>            <\/div>\r\n                    <div class=\"sw-product-slider-item\">\r\n                <div class=\"sw-product\">\r\n    <a class=\"sw-product-image\" href=\"https:\/\/www.garten-schlueter.de\/gartenlupinen-rot-3-stueck\/35061\">\r\n                    <img decoding=\"async\" src=\"https:\/\/www.garten-schlueter.de\/thumbnail\/ff\/c0\/04\/1731518271\/https-www-garten-schlueter-de-media-image-2a-8a-22-1-35061-gartenlupinen-rot-3-stueck-lupinus-jpg_400x400.jpg?ts=1731518271\" alt=\"Gartenlupinen 'Rot' - 3 St\u00fcck\">\r\n            <\/a>\r\n    <div class=\"sw-product-info\">\r\n        <a class=\"sw-product-name\" href=\"https:\/\/www.garten-schlueter.de\/gartenlupinen-rot-3-stueck\/35061\">\r\n            Gartenlupinen &#8218;Rot&#8216; &#8211; 3 St\u00fcck        <\/a>\r\n        <div class=\"sw-product-botanical-name\">\r\n                            Lupinus                    <\/div>\r\n        <div class=\"sw-product-price\">\r\n                                        ab\r\n                        13,49 \u20ac\r\n                            <div class=\"sw-product-reference-price\">\r\n                    3 Stck. (4,50 \u20ac \/ 1 Stck.)\r\n                <\/div>\r\n                    <\/div>\r\n        <a class=\"sw-product-btn btn btn-blue\" href=\"https:\/\/www.garten-schlueter.de\/gartenlupinen-rot-3-stueck\/35061\">\r\n            Details\r\n        <\/a>\r\n    <\/div>\r\n<\/div>            <\/div>\r\n                    <div class=\"sw-product-slider-item\">\r\n                <div class=\"sw-product\">\r\n    <a class=\"sw-product-image\" href=\"https:\/\/www.garten-schlueter.de\/grossblumiges-maedchenauge-solar-fancy\/45504\">\r\n                    <img decoding=\"async\" src=\"https:\/\/www.garten-schlueter.de\/thumbnail\/47\/11\/7c\/1749649554\/1-coreopsis-grandiflora-solar-fancy-grossblumiges-maedchenauge-jpg_400x400.jpg?ts=1749649555\" alt=\"Gro\u00dfblumiges M\u00e4dchenauge 'Solar Fancy'\">\r\n            <\/a>\r\n    <div class=\"sw-product-info\">\r\n        <a class=\"sw-product-name\" href=\"https:\/\/www.garten-schlueter.de\/grossblumiges-maedchenauge-solar-fancy\/45504\">\r\n            Gro\u00dfblumiges M\u00e4dchenauge &#8218;Solar Fancy&#8216;        <\/a>\r\n        <div class=\"sw-product-botanical-name\">\r\n                            Coreopsis grandiflora &#8218;Solar Fancy&#8216;                    <\/div>\r\n        <div class=\"sw-product-price\">\r\n                                    4,99 \u20ac\r\n                    <\/div>\r\n        <a class=\"sw-product-btn btn btn-blue\" href=\"https:\/\/www.garten-schlueter.de\/grossblumiges-maedchenauge-solar-fancy\/45504\">\r\n            Details\r\n        <\/a>\r\n    <\/div>\r\n<\/div>            <\/div>\r\n                    <div class=\"sw-product-slider-item\">\r\n                <div class=\"sw-product\">\r\n    <a class=\"sw-product-image\" href=\"https:\/\/www.garten-schlueter.de\/kerzen-knoeterich-j.-s.-caliente\/41866\">\r\n                    <img decoding=\"async\" src=\"https:\/\/www.garten-schlueter.de\/thumbnail\/32\/97\/45\/1770111550\/1-41866-kerzen-knoeterich-j-s-caliente-jpg_400x400.jpg?ts=1770111551\" alt=\"Kerzen-Kn\u00f6terich 'J. S. Caliente' \">\r\n            <\/a>\r\n    <div class=\"sw-product-info\">\r\n        <a class=\"sw-product-name\" href=\"https:\/\/www.garten-schlueter.de\/kerzen-knoeterich-j.-s.-caliente\/41866\">\r\n            Kerzen-Kn\u00f6terich &#8218;J. S. Caliente&#8216;         <\/a>\r\n        <div class=\"sw-product-botanical-name\">\r\n                            Bistorta amplexicaulis &#8218;JS Caliente&#8216;                    <\/div>\r\n        <div class=\"sw-product-price\">\r\n                                    11,99 \u20ac\r\n                    <\/div>\r\n        <a class=\"sw-product-btn btn btn-blue\" href=\"https:\/\/www.garten-schlueter.de\/kerzen-knoeterich-j.-s.-caliente\/41866\">\r\n            Details\r\n        <\/a>\r\n    <\/div>\r\n<\/div>            <\/div>\r\n                    <div class=\"sw-product-slider-item\">\r\n                <div class=\"sw-product\">\r\n    <a class=\"sw-product-image\" href=\"https:\/\/www.garten-schlueter.de\/kandelaber-ehrenpreis-fascination\/46516\">\r\n                    <img decoding=\"async\" src=\"https:\/\/www.garten-schlueter.de\/thumbnail\/4a\/33\/d9\/1770046729\/1-46516-kanelaber-ehrenpreis-fascination-jpg_400x400.jpg?ts=1770046730\" alt=\"Kandelaber-Ehrenpreis 'Fascination'\">\r\n            <\/a>\r\n    <div class=\"sw-product-info\">\r\n        <a class=\"sw-product-name\" href=\"https:\/\/www.garten-schlueter.de\/kandelaber-ehrenpreis-fascination\/46516\">\r\n            Kandelaber-Ehrenpreis &#8218;Fascination&#8216;        <\/a>\r\n        <div class=\"sw-product-botanical-name\">\r\n                            Veronicastrum virg. &#8218;Fascination&#8216;                    <\/div>\r\n        <div class=\"sw-product-price\">\r\n                                    7,49 \u20ac\r\n                    <\/div>\r\n        <a class=\"sw-product-btn btn btn-blue\" href=\"https:\/\/www.garten-schlueter.de\/kandelaber-ehrenpreis-fascination\/46516\">\r\n            Details\r\n        <\/a>\r\n    <\/div>\r\n<\/div>            <\/div>\r\n                    <div class=\"sw-product-slider-item\">\r\n                <div class=\"sw-product\">\r\n    <a class=\"sw-product-image\" href=\"https:\/\/www.garten-schlueter.de\/gartenlupine-weiss-3-stueck\/35072\">\r\n                    <img decoding=\"async\" src=\"https:\/\/www.garten-schlueter.de\/thumbnail\/b8\/98\/cd\/1731518993\/1-35072-gartenlupinen-weiss-lupinus_400x400.jpg?ts=1731518993\" alt=\"Gartenlupine 'Wei\u00df' - 3 St\u00fcck\">\r\n            <\/a>\r\n    <div class=\"sw-product-info\">\r\n        <a class=\"sw-product-name\" href=\"https:\/\/www.garten-schlueter.de\/gartenlupine-weiss-3-stueck\/35072\">\r\n            Gartenlupine &#8218;Wei\u00df&#8216; &#8211; 3 St\u00fcck        <\/a>\r\n        <div class=\"sw-product-botanical-name\">\r\n                            Lupinus                    <\/div>\r\n        <div class=\"sw-product-price\">\r\n                                        ab\r\n                        13,49 \u20ac\r\n                            <div class=\"sw-product-reference-price\">\r\n                    3 Stck. (4,50 \u20ac \/ 1 Stck.)\r\n                <\/div>\r\n                    <\/div>\r\n        <a class=\"sw-product-btn btn btn-blue\" href=\"https:\/\/www.garten-schlueter.de\/gartenlupine-weiss-3-stueck\/35072\">\r\n            Details\r\n        <\/a>\r\n    <\/div>\r\n<\/div>            <\/div>\r\n                    <div class=\"sw-product-slider-item\">\r\n                <div class=\"sw-product\">\r\n    <a class=\"sw-product-image\" href=\"https:\/\/www.garten-schlueter.de\/gartenlupine-rosa-3-stueck\/35073\">\r\n                    <img decoding=\"async\" src=\"https:\/\/www.garten-schlueter.de\/thumbnail\/2a\/0b\/d7\/1731518998\/1-35073-lupinus-rosa-gartenlupine_400x400.jpg?ts=1731519004\" alt=\"Gartenlupine Rosa - 3 St\u00fcck\">\r\n            <\/a>\r\n    <div class=\"sw-product-info\">\r\n        <a class=\"sw-product-name\" href=\"https:\/\/www.garten-schlueter.de\/gartenlupine-rosa-3-stueck\/35073\">\r\n            Gartenlupine Rosa &#8211; 3 St\u00fcck        <\/a>\r\n        <div class=\"sw-product-botanical-name\">\r\n                            Lupinus                    <\/div>\r\n        <div class=\"sw-product-price\">\r\n                                        ab\r\n                        13,49 \u20ac\r\n                            <div class=\"sw-product-reference-price\">\r\n                    3 Stck. (4,50 \u20ac \/ 1 Stck.)\r\n                <\/div>\r\n                    <\/div>\r\n        <a class=\"sw-product-btn btn btn-blue\" href=\"https:\/\/www.garten-schlueter.de\/gartenlupine-rosa-3-stueck\/35073\">\r\n            Details\r\n        <\/a>\r\n    <\/div>\r\n<\/div>            <\/div>\r\n                    <div class=\"sw-product-slider-item\">\r\n                <div class=\"sw-product\">\r\n    <a class=\"sw-product-image\" href=\"https:\/\/www.garten-schlueter.de\/stockrose-pink-3-stueck\/35075\">\r\n                    <img decoding=\"async\" src=\"https:\/\/www.garten-schlueter.de\/thumbnail\/65\/ac\/da\/1731518271\/https-www-garten-schlueter-de-media-image-e0-90-db-1-35075-stockrose-pink-3-stueck-alcea-rosea-jpg_400x400.jpg?ts=1731518272\" alt=\"Stockrose 'Pink' - 3 St\u00fcck\">\r\n            <\/a>\r\n    <div class=\"sw-product-info\">\r\n        <a class=\"sw-product-name\" href=\"https:\/\/www.garten-schlueter.de\/stockrose-pink-3-stueck\/35075\">\r\n            Stockrose &#8218;Pink&#8216; &#8211; 3 St\u00fcck        <\/a>\r\n        <div class=\"sw-product-botanical-name\">\r\n                            Alcea rosea                    <\/div>\r\n        <div class=\"sw-product-price\">\r\n                                        ab\r\n                        11,47 \u20ac\r\n                            <div class=\"sw-product-reference-price\">\r\n                    3 Stck. (3,82 \u20ac \/ 1 Stck.)\r\n                <\/div>\r\n                    <\/div>\r\n        <a class=\"sw-product-btn btn btn-blue\" href=\"https:\/\/www.garten-schlueter.de\/stockrose-pink-3-stueck\/35075\">\r\n            Details\r\n        <\/a>\r\n    <\/div>\r\n<\/div>            <\/div>\r\n                    <div class=\"sw-product-slider-item\">\r\n                <div class=\"sw-product\">\r\n    <a class=\"sw-product-image\" href=\"https:\/\/www.garten-schlueter.de\/frauenfarn\/43743\">\r\n                    <img decoding=\"async\" src=\"https:\/\/www.garten-schlueter.de\/thumbnail\/d5\/d4\/58\/1740146561\/1-43743-frauenfarn-athyrium-jpg_400x400.jpg?ts=1740146561\" alt=\"Frauenfarn\">\r\n            <\/a>\r\n    <div class=\"sw-product-info\">\r\n        <a class=\"sw-product-name\" href=\"https:\/\/www.garten-schlueter.de\/frauenfarn\/43743\">\r\n            Frauenfarn        <\/a>\r\n        <div class=\"sw-product-botanical-name\">\r\n                            Athyrium filix femina                    <\/div>\r\n        <div class=\"sw-product-price\">\r\n                                        ab\r\n                        4,97 \u20ac\r\n                    <\/div>\r\n        <a class=\"sw-product-btn btn btn-blue\" href=\"https:\/\/www.garten-schlueter.de\/frauenfarn\/43743\">\r\n            Details\r\n        <\/a>\r\n    <\/div>\r\n<\/div>            <\/div>\r\n                    <div class=\"sw-product-slider-item\">\r\n                <div class=\"sw-product\">\r\n    <a class=\"sw-product-image\" href=\"https:\/\/www.garten-schlueter.de\/winterharte-garten-fuchsie-tom-thumb-tb9\/48678\">\r\n                    <img decoding=\"async\" src=\"https:\/\/www.garten-schlueter.de\/thumbnail\/be\/1c\/ca\/1768565680\/1-48678-winterharte-fuchsie-tom-thumb-jpg_400x400.jpg?ts=1768565681\" alt=\"Winterharte Garten-Fuchsie 'Tom Thumb'\">\r\n            <\/a>\r\n    <div class=\"sw-product-info\">\r\n        <a class=\"sw-product-name\" href=\"https:\/\/www.garten-schlueter.de\/winterharte-garten-fuchsie-tom-thumb-tb9\/48678\">\r\n            Winterharte Garten-Fuchsie &#8218;Tom Thumb&#8216;        <\/a>\r\n        <div class=\"sw-product-botanical-name\">\r\n                            Fuchsia magellanica &#8218;Tom pouce&#8216;                    <\/div>\r\n        <div class=\"sw-product-price\">\r\n                                        ab\r\n                        6,50 \u20ac\r\n                    <\/div>\r\n        <a class=\"sw-product-btn btn btn-blue\" href=\"https:\/\/www.garten-schlueter.de\/winterharte-garten-fuchsie-tom-thumb-tb9\/48678\">\r\n            Details\r\n        <\/a>\r\n    <\/div>\r\n<\/div>            <\/div>\r\n                    <div class=\"sw-product-slider-item\">\r\n                <div class=\"sw-product\">\r\n    <a class=\"sw-product-image\" href=\"https:\/\/www.garten-schlueter.de\/breitblaettriger-thymian\/44982\">\r\n                    <img decoding=\"async\" src=\"https:\/\/www.garten-schlueter.de\/thumbnail\/1d\/36\/69\/1754039261\/1-44982-breitblaettriger-thymian-jpg_400x400.jpg?ts=1776695493\" alt=\"Breitbl\u00e4ttriger Thymian\">\r\n            <\/a>\r\n    <div class=\"sw-product-info\">\r\n        <a class=\"sw-product-name\" href=\"https:\/\/www.garten-schlueter.de\/breitblaettriger-thymian\/44982\">\r\n            Breitbl\u00e4ttriger Thymian        <\/a>\r\n        <div class=\"sw-product-botanical-name\">\r\n                            Thymus pulegioides                    <\/div>\r\n        <div class=\"sw-product-price\">\r\n                                    4,99 \u20ac\r\n                    <\/div>\r\n        <a class=\"sw-product-btn btn btn-blue\" href=\"https:\/\/www.garten-schlueter.de\/breitblaettriger-thymian\/44982\">\r\n            Details\r\n        <\/a>\r\n    <\/div>\r\n<\/div>            <\/div>\r\n                    <div class=\"sw-product-slider-item\">\r\n                <div class=\"sw-product\">\r\n    <a class=\"sw-product-image\" href=\"https:\/\/www.garten-schlueter.de\/sonnenhut-cheyenne-spirit-3-stueck\/40910\">\r\n                    <img decoding=\"async\" src=\"https:\/\/www.garten-schlueter.de\/thumbnail\/88\/62\/08\/1731518026\/1-40910-sonnenhut-cheyenne-spirit-4-stueck-echinacea-cheyenne-spirit_400x400.jpg?ts=1731518026\" alt=\"Sonnenhut 'Cheyenne Spirit' - 3 St\u00fcck\">\r\n            <\/a>\r\n    <div class=\"sw-product-info\">\r\n        <a class=\"sw-product-name\" href=\"https:\/\/www.garten-schlueter.de\/sonnenhut-cheyenne-spirit-3-stueck\/40910\">\r\n            Sonnenhut &#8218;Cheyenne Spirit&#8216; &#8211; 3 St\u00fcck        <\/a>\r\n        <div class=\"sw-product-botanical-name\">\r\n                            Echinacea &#8218;Cheyenne Spirit&#8216;                    <\/div>\r\n        <div class=\"sw-product-price\">\r\n                                        ab\r\n                        10,00 \u20ac\r\n                            <div class=\"sw-product-reference-price\">\r\n                    3 Stck. (3,33 \u20ac \/ 1 Stck.)\r\n                <\/div>\r\n                    <\/div>\r\n        <a class=\"sw-product-btn btn btn-blue\" href=\"https:\/\/www.garten-schlueter.de\/sonnenhut-cheyenne-spirit-3-stueck\/40910\">\r\n            Details\r\n        <\/a>\r\n    <\/div>\r\n<\/div>            <\/div>\r\n                    <div class=\"sw-product-slider-item\">\r\n                <div class=\"sw-product\">\r\n    <a class=\"sw-product-image\" href=\"https:\/\/www.garten-schlueter.de\/sonnenroeschen-rot-3-stueck\/44335\">\r\n                    <img decoding=\"async\" src=\"https:\/\/www.garten-schlueter.de\/thumbnail\/cf\/de\/29\/1731517373\/1-44335-helianthemum-rot-jpg_400x400.jpg?ts=1731517374\" alt=\"Sonnenr\u00f6schen 'Rot' - 3 St\u00fcck\">\r\n            <\/a>\r\n    <div class=\"sw-product-info\">\r\n        <a class=\"sw-product-name\" href=\"https:\/\/www.garten-schlueter.de\/sonnenroeschen-rot-3-stueck\/44335\">\r\n            Sonnenr\u00f6schen &#8218;Rot&#8216; &#8211; 3 St\u00fcck        <\/a>\r\n        <div class=\"sw-product-botanical-name\">\r\n                            Helianthemum                    <\/div>\r\n        <div class=\"sw-product-price\">\r\n                                        ab\r\n                        10,79 \u20ac\r\n                            <div class=\"sw-product-reference-price\">\r\n                    3 Stck. (3,60 \u20ac \/ 1 Stck.)\r\n                <\/div>\r\n                    <\/div>\r\n        <a class=\"sw-product-btn btn btn-blue\" href=\"https:\/\/www.garten-schlueter.de\/sonnenroeschen-rot-3-stueck\/44335\">\r\n            Details\r\n        <\/a>\r\n    <\/div>\r\n<\/div>            <\/div>\r\n            <\/div>\r\n    <div class=\"sw-product-slider-controls sw-product-slider-controls-176645fee9ba654209f7585a66da59811a1dec85\">\r\n        <button class=\"sw-product-slider-controls-prev\">\r\n            <svg xmlns=\"http:\/\/www.w3.org\/2000\/svg\" xmlns:xlink=\"http:\/\/www.w3.org\/1999\/xlink\" width=\"16\" height=\"16\" viewBox=\"0 0 16 16\"><defs><path id=\"icons-solid-arrow-large-left\" d=\"M2.7071 4.2929c-.3905-.3905-1.0237-.3905-1.4142 0-.3905.3905-.3905 1.0237 0 1.4142l6 6c.3905.3905 1.0237.3905 1.4142 0l6-6c.3905-.3905.3905-1.0237 0-1.4142-.3905-.3905-1.0237-.3905-1.4142 0L8 9.5858l-5.2929-5.293z\" \/><\/defs><use transform=\"matrix(0 -1 -1 0 16 16)\" xlink:href=\"#icons-solid-arrow-large-left\" fill=\"#FFFFFF\" fill-rule=\"evenodd\" \/><\/svg>        <\/button>\r\n        <button class=\"sw-product-slider-controls-next\">\r\n            <svg xmlns=\"http:\/\/www.w3.org\/2000\/svg\" xmlns:xlink=\"http:\/\/www.w3.org\/1999\/xlink\" width=\"16\" height=\"16\" viewBox=\"0 0 16 16\"><defs><path id=\"icons-solid-arrow-large-right\" d=\"M2.7071 4.2929c-.3905-.3905-1.0237-.3905-1.4142 0-.3905.3905-.3905 1.0237 0 1.4142l6 6c.3905.3905 1.0237.3905 1.4142 0l6-6c.3905-.3905.3905-1.0237 0-1.4142-.3905-.3905-1.0237-.3905-1.4142 0L8 9.5858l-5.2929-5.293z\" \/><\/defs><use transform=\"matrix(0 1 1 0 0 0)\" xlink:href=\"#icons-solid-arrow-large-right\" fill=\"#FFFFFF\" fill-rule=\"evenodd\" \/><\/svg>        <\/button>\r\n    <\/div>\r\n<\/div>\r\n\r\n<script>\r\n    var slider = tns({\r\n        container: '.sw-product-slider-176645fee9ba654209f7585a66da59811a1dec85',\r\n        controlsContainer: '.sw-product-slider-controls-176645fee9ba654209f7585a66da59811a1dec85',\r\n        prevButton: '.sw-product-slider-controls-176645fee9ba654209f7585a66da59811a1dec85 .sw-product-slider-controls-prev',\r\n        nextButton: '.sw-product-slider-controls-176645fee9ba654209f7585a66da59811a1dec85 .sw-product-slider-controls-next',\r\n        items: 2,\r\n        gutter: 20,\r\n        nav: false,\r\n        responsive: {\r\n            570: {\r\n                items: 3\r\n            },\r\n            992: {\r\n                items: 4\r\n            },\r\n            1200: {\r\n                items: 5\r\n            },\r\n            1400: {\r\n                items: 6\r\n            }\r\n        }\r\n    });\r\n<\/script>\r\n\r\n\r\n<\/p>\t\t\t\t\t\t\t\t<\/div>\n\t\t\t\t<\/div>\n\t\t\t\t<\/div>\n\t\t\t\t\t<\/div>\n\t\t\t\t<\/div>\n\t\t<div class=\"elementor-element elementor-element-e178eff e-flex e-con-boxed e-con e-parent\" data-id=\"e178eff\" data-element_type=\"container\" data-e-type=\"container\">\n\t\t\t\t\t<div class=\"e-con-inner\">\n\t\t\t\t<div class=\"elementor-element elementor-element-a9a7a49 elementor-widget elementor-widget-heading\" data-id=\"a9a7a49\" data-element_type=\"widget\" data-e-type=\"widget\" data-widget_type=\"heading.default\">\n\t\t\t\t<div class=\"elementor-widget-container\">\n\t\t\t\t\t<h2 class=\"elementor-heading-title elementor-size-default\">Community<\/h2>\t\t\t\t<\/div>\n\t\t\t\t<\/div>\n\t\t\t\t<div class=\"elementor-element elementor-element-1111999 elementor-widget elementor-widget-image\" data-id=\"1111999\" data-element_type=\"widget\" data-e-type=\"widget\" data-widget_type=\"image.default\">\n\t\t\t\t<div class=\"elementor-widget-container\">\n\t\t\t\t\t\t\t\t\t\t\t\t\t\t\t<img decoding=\"async\" width=\"800\" height=\"294\" src=\"https:\/\/www.garten-schlueter.de\/blog\/wp-content\/uploads\/community.jpg\" class=\"attachment-large size-large wp-image-6785\" alt=\"G\u00e4rtner mit Schaufel\" srcset=\"https:\/\/www.garten-schlueter.de\/blog\/wp-content\/uploads\/community.jpg 1000w, https:\/\/www.garten-schlueter.de\/blog\/wp-content\/uploads\/community-300x110.jpg 300w, https:\/\/www.garten-schlueter.de\/blog\/wp-content\/uploads\/community-768x283.jpg 768w\" sizes=\"(max-width: 800px) 100vw, 800px\" \/>\t\t\t\t\t\t\t\t\t\t\t\t\t\t\t<\/div>\n\t\t\t\t<\/div>\n\t\t\t\t\t<\/div>\n\t\t\t\t<\/div>\n\t\t\t\t<\/div>\n\t\t","protected":false},"excerpt":{"rendered":"<p>Die richtigen Begleitpflanzen bringen Rosen noch besser zur Geltung. Erfahre, welche Stauden, Gr\u00e4ser und Kr\u00e4uter am besten mit Rosen harmonieren.<\/p>\n","protected":false},"author":5,"featured_media":7004,"comment_status":"open","ping_status":"open","sticky":false,"template":"","format":"standard","meta":{"footnotes":""},"categories":[17,10],"tags":[],"class_list":["post-7001","post","type-post","status-publish","format-standard","has-post-thumbnail","hentry","category-pflanz-ideen","category-rosen"],"yoast_head":"<!-- This site is optimized with the Yoast SEO plugin v27.3 - https:\/\/yoast.com\/product\/yoast-seo-wordpress\/ -->\n<title>Rosenbegleitpflanzen - Garten Schl\u00fcter<\/title>\n<meta name=\"robots\" content=\"index, follow, max-snippet:-1, max-image-preview:large, max-video-preview:-1\" \/>\n<link rel=\"canonical\" href=\"https:\/\/www.garten-schlueter.de\/blog\/rosen-kombinieren\/\" \/>\n<meta property=\"og:locale\" content=\"de_DE\" \/>\n<meta property=\"og:type\" content=\"article\" \/>\n<meta property=\"og:title\" content=\"Rosenbegleitpflanzen - Garten Schl\u00fcter\" \/>\n<meta property=\"og:description\" content=\"Die richtigen Begleitpflanzen bringen Rosen noch besser zur Geltung. Erfahre, welche Stauden, Gr\u00e4ser und Kr\u00e4uter am besten mit Rosen harmonieren.\" \/>\n<meta property=\"og:url\" content=\"https:\/\/www.garten-schlueter.de\/blog\/rosen-kombinieren\/\" \/>\n<meta property=\"og:site_name\" content=\"Garten Schl\u00fcter\" \/>\n<meta property=\"article:published_time\" content=\"2025-01-31T13:23:14+00:00\" \/>\n<meta property=\"article:modified_time\" content=\"2025-02-05T10:03:49+00:00\" \/>\n<meta property=\"og:image\" content=\"https:\/\/www.garten-schlueter.de\/blog\/wp-content\/uploads\/vorschau-13.jpg\" \/>\n\t<meta property=\"og:image:width\" content=\"1000\" \/>\n\t<meta property=\"og:image:height\" content=\"600\" \/>\n\t<meta property=\"og:image:type\" content=\"image\/jpeg\" \/>\n<meta name=\"author\" content=\"Garten Schl\u00fcter Team\" \/>\n<meta name=\"twitter:card\" content=\"summary_large_image\" \/>\n<meta name=\"twitter:label1\" content=\"Verfasst von\" \/>\n\t<meta name=\"twitter:data1\" content=\"Garten Schl\u00fcter Team\" \/>\n\t<meta name=\"twitter:label2\" content=\"Gesch\u00e4tzte Lesezeit\" \/>\n\t<meta name=\"twitter:data2\" content=\"3\u00a0Minuten\" \/>\n<script type=\"application\/ld+json\" class=\"yoast-schema-graph\">{\"@context\":\"https:\\\/\\\/schema.org\",\"@graph\":[{\"@type\":\"Article\",\"@id\":\"https:\\\/\\\/www.garten-schlueter.de\\\/blog\\\/rosen-kombinieren\\\/#article\",\"isPartOf\":{\"@id\":\"https:\\\/\\\/www.garten-schlueter.de\\\/blog\\\/rosen-kombinieren\\\/\"},\"author\":{\"name\":\"Garten Schl\u00fcter Team\",\"@id\":\"https:\\\/\\\/www.garten-schlueter.de\\\/blog\\\/#\\\/schema\\\/person\\\/d5ce46fd02aa27b9b9e8a1d02d8e0d2f\"},\"headline\":\"Rosenbegleitpflanzen\",\"datePublished\":\"2025-01-31T13:23:14+00:00\",\"dateModified\":\"2025-02-05T10:03:49+00:00\",\"mainEntityOfPage\":{\"@id\":\"https:\\\/\\\/www.garten-schlueter.de\\\/blog\\\/rosen-kombinieren\\\/\"},\"wordCount\":403,\"commentCount\":2,\"publisher\":{\"@id\":\"https:\\\/\\\/www.garten-schlueter.de\\\/blog\\\/#organization\"},\"image\":{\"@id\":\"https:\\\/\\\/www.garten-schlueter.de\\\/blog\\\/rosen-kombinieren\\\/#primaryimage\"},\"thumbnailUrl\":\"https:\\\/\\\/www.garten-schlueter.de\\\/blog\\\/wp-content\\\/uploads\\\/vorschau-13.jpg\",\"articleSection\":[\"Pflanz-Ideen\",\"Rosen\"],\"inLanguage\":\"de\",\"potentialAction\":[{\"@type\":\"CommentAction\",\"name\":\"Comment\",\"target\":[\"https:\\\/\\\/www.garten-schlueter.de\\\/blog\\\/rosen-kombinieren\\\/#respond\"]}]},{\"@type\":\"WebPage\",\"@id\":\"https:\\\/\\\/www.garten-schlueter.de\\\/blog\\\/rosen-kombinieren\\\/\",\"url\":\"https:\\\/\\\/www.garten-schlueter.de\\\/blog\\\/rosen-kombinieren\\\/\",\"name\":\"Rosenbegleitpflanzen - Garten Schl\u00fcter\",\"isPartOf\":{\"@id\":\"https:\\\/\\\/www.garten-schlueter.de\\\/blog\\\/#website\"},\"primaryImageOfPage\":{\"@id\":\"https:\\\/\\\/www.garten-schlueter.de\\\/blog\\\/rosen-kombinieren\\\/#primaryimage\"},\"image\":{\"@id\":\"https:\\\/\\\/www.garten-schlueter.de\\\/blog\\\/rosen-kombinieren\\\/#primaryimage\"},\"thumbnailUrl\":\"https:\\\/\\\/www.garten-schlueter.de\\\/blog\\\/wp-content\\\/uploads\\\/vorschau-13.jpg\",\"datePublished\":\"2025-01-31T13:23:14+00:00\",\"dateModified\":\"2025-02-05T10:03:49+00:00\",\"breadcrumb\":{\"@id\":\"https:\\\/\\\/www.garten-schlueter.de\\\/blog\\\/rosen-kombinieren\\\/#breadcrumb\"},\"inLanguage\":\"de\",\"potentialAction\":[{\"@type\":\"ReadAction\",\"target\":[\"https:\\\/\\\/www.garten-schlueter.de\\\/blog\\\/rosen-kombinieren\\\/\"]}]},{\"@type\":\"ImageObject\",\"inLanguage\":\"de\",\"@id\":\"https:\\\/\\\/www.garten-schlueter.de\\\/blog\\\/rosen-kombinieren\\\/#primaryimage\",\"url\":\"https:\\\/\\\/www.garten-schlueter.de\\\/blog\\\/wp-content\\\/uploads\\\/vorschau-13.jpg\",\"contentUrl\":\"https:\\\/\\\/www.garten-schlueter.de\\\/blog\\\/wp-content\\\/uploads\\\/vorschau-13.jpg\",\"width\":1000,\"height\":600},{\"@type\":\"BreadcrumbList\",\"@id\":\"https:\\\/\\\/www.garten-schlueter.de\\\/blog\\\/rosen-kombinieren\\\/#breadcrumb\",\"itemListElement\":[{\"@type\":\"ListItem\",\"position\":1,\"name\":\"Startseite\",\"item\":\"https:\\\/\\\/www.garten-schlueter.de\\\/blog\\\/\"},{\"@type\":\"ListItem\",\"position\":2,\"name\":\"Rosenbegleitpflanzen\"}]},{\"@type\":\"WebSite\",\"@id\":\"https:\\\/\\\/www.garten-schlueter.de\\\/blog\\\/#website\",\"url\":\"https:\\\/\\\/www.garten-schlueter.de\\\/blog\\\/\",\"name\":\"Garten Schl\u00fcter\",\"description\":\"\",\"publisher\":{\"@id\":\"https:\\\/\\\/www.garten-schlueter.de\\\/blog\\\/#organization\"},\"potentialAction\":[{\"@type\":\"SearchAction\",\"target\":{\"@type\":\"EntryPoint\",\"urlTemplate\":\"https:\\\/\\\/www.garten-schlueter.de\\\/blog\\\/?s={search_term_string}\"},\"query-input\":{\"@type\":\"PropertyValueSpecification\",\"valueRequired\":true,\"valueName\":\"search_term_string\"}}],\"inLanguage\":\"de\"},{\"@type\":\"Organization\",\"@id\":\"https:\\\/\\\/www.garten-schlueter.de\\\/blog\\\/#organization\",\"name\":\"Garten Schl\u00fcter\",\"url\":\"https:\\\/\\\/www.garten-schlueter.de\\\/blog\\\/\",\"logo\":{\"@type\":\"ImageObject\",\"inLanguage\":\"de\",\"@id\":\"https:\\\/\\\/www.garten-schlueter.de\\\/blog\\\/#\\\/schema\\\/logo\\\/image\\\/\",\"url\":\"https:\\\/\\\/www.garten-schlueter.de\\\/blog\\\/wp-content\\\/uploads\\\/garten-schlueter-100.svg\",\"contentUrl\":\"https:\\\/\\\/www.garten-schlueter.de\\\/blog\\\/wp-content\\\/uploads\\\/garten-schlueter-100.svg\",\"width\":507,\"height\":105,\"caption\":\"Garten Schl\u00fcter\"},\"image\":{\"@id\":\"https:\\\/\\\/www.garten-schlueter.de\\\/blog\\\/#\\\/schema\\\/logo\\\/image\\\/\"}},{\"@type\":\"Person\",\"@id\":\"https:\\\/\\\/www.garten-schlueter.de\\\/blog\\\/#\\\/schema\\\/person\\\/d5ce46fd02aa27b9b9e8a1d02d8e0d2f\",\"name\":\"Garten Schl\u00fcter Team\",\"image\":{\"@type\":\"ImageObject\",\"inLanguage\":\"de\",\"@id\":\"https:\\\/\\\/secure.gravatar.com\\\/avatar\\\/4788f42ff63ca55e296b0675613fda07efb5aa453feebb313a0c6c0484345971?s=96&d=mm&r=g\",\"url\":\"https:\\\/\\\/secure.gravatar.com\\\/avatar\\\/4788f42ff63ca55e296b0675613fda07efb5aa453feebb313a0c6c0484345971?s=96&d=mm&r=g\",\"contentUrl\":\"https:\\\/\\\/secure.gravatar.com\\\/avatar\\\/4788f42ff63ca55e296b0675613fda07efb5aa453feebb313a0c6c0484345971?s=96&d=mm&r=g\",\"caption\":\"Garten Schl\u00fcter Team\"}}]}<\/script>\n<!-- \/ Yoast SEO plugin. -->","yoast_head_json":{"title":"Rosenbegleitpflanzen - Garten Schl\u00fcter","robots":{"index":"index","follow":"follow","max-snippet":"max-snippet:-1","max-image-preview":"max-image-preview:large","max-video-preview":"max-video-preview:-1"},"canonical":"https:\/\/www.garten-schlueter.de\/blog\/rosen-kombinieren\/","og_locale":"de_DE","og_type":"article","og_title":"Rosenbegleitpflanzen - Garten Schl\u00fcter","og_description":"Die richtigen Begleitpflanzen bringen Rosen noch besser zur Geltung. Erfahre, welche Stauden, Gr\u00e4ser und Kr\u00e4uter am besten mit Rosen harmonieren.","og_url":"https:\/\/www.garten-schlueter.de\/blog\/rosen-kombinieren\/","og_site_name":"Garten Schl\u00fcter","article_published_time":"2025-01-31T13:23:14+00:00","article_modified_time":"2025-02-05T10:03:49+00:00","og_image":[{"width":1000,"height":600,"url":"https:\/\/www.garten-schlueter.de\/blog\/wp-content\/uploads\/vorschau-13.jpg","type":"image\/jpeg"}],"author":"Garten Schl\u00fcter Team","twitter_card":"summary_large_image","twitter_misc":{"Verfasst von":"Garten Schl\u00fcter Team","Gesch\u00e4tzte Lesezeit":"3\u00a0Minuten"},"schema":{"@context":"https:\/\/schema.org","@graph":[{"@type":"Article","@id":"https:\/\/www.garten-schlueter.de\/blog\/rosen-kombinieren\/#article","isPartOf":{"@id":"https:\/\/www.garten-schlueter.de\/blog\/rosen-kombinieren\/"},"author":{"name":"Garten Schl\u00fcter Team","@id":"https:\/\/www.garten-schlueter.de\/blog\/#\/schema\/person\/d5ce46fd02aa27b9b9e8a1d02d8e0d2f"},"headline":"Rosenbegleitpflanzen","datePublished":"2025-01-31T13:23:14+00:00","dateModified":"2025-02-05T10:03:49+00:00","mainEntityOfPage":{"@id":"https:\/\/www.garten-schlueter.de\/blog\/rosen-kombinieren\/"},"wordCount":403,"commentCount":2,"publisher":{"@id":"https:\/\/www.garten-schlueter.de\/blog\/#organization"},"image":{"@id":"https:\/\/www.garten-schlueter.de\/blog\/rosen-kombinieren\/#primaryimage"},"thumbnailUrl":"https:\/\/www.garten-schlueter.de\/blog\/wp-content\/uploads\/vorschau-13.jpg","articleSection":["Pflanz-Ideen","Rosen"],"inLanguage":"de","potentialAction":[{"@type":"CommentAction","name":"Comment","target":["https:\/\/www.garten-schlueter.de\/blog\/rosen-kombinieren\/#respond"]}]},{"@type":"WebPage","@id":"https:\/\/www.garten-schlueter.de\/blog\/rosen-kombinieren\/","url":"https:\/\/www.garten-schlueter.de\/blog\/rosen-kombinieren\/","name":"Rosenbegleitpflanzen - Garten Schl\u00fcter","isPartOf":{"@id":"https:\/\/www.garten-schlueter.de\/blog\/#website"},"primaryImageOfPage":{"@id":"https:\/\/www.garten-schlueter.de\/blog\/rosen-kombinieren\/#primaryimage"},"image":{"@id":"https:\/\/www.garten-schlueter.de\/blog\/rosen-kombinieren\/#primaryimage"},"thumbnailUrl":"https:\/\/www.garten-schlueter.de\/blog\/wp-content\/uploads\/vorschau-13.jpg","datePublished":"2025-01-31T13:23:14+00:00","dateModified":"2025-02-05T10:03:49+00:00","breadcrumb":{"@id":"https:\/\/www.garten-schlueter.de\/blog\/rosen-kombinieren\/#breadcrumb"},"inLanguage":"de","potentialAction":[{"@type":"ReadAction","target":["https:\/\/www.garten-schlueter.de\/blog\/rosen-kombinieren\/"]}]},{"@type":"ImageObject","inLanguage":"de","@id":"https:\/\/www.garten-schlueter.de\/blog\/rosen-kombinieren\/#primaryimage","url":"https:\/\/www.garten-schlueter.de\/blog\/wp-content\/uploads\/vorschau-13.jpg","contentUrl":"https:\/\/www.garten-schlueter.de\/blog\/wp-content\/uploads\/vorschau-13.jpg","width":1000,"height":600},{"@type":"BreadcrumbList","@id":"https:\/\/www.garten-schlueter.de\/blog\/rosen-kombinieren\/#breadcrumb","itemListElement":[{"@type":"ListItem","position":1,"name":"Startseite","item":"https:\/\/www.garten-schlueter.de\/blog\/"},{"@type":"ListItem","position":2,"name":"Rosenbegleitpflanzen"}]},{"@type":"WebSite","@id":"https:\/\/www.garten-schlueter.de\/blog\/#website","url":"https:\/\/www.garten-schlueter.de\/blog\/","name":"Garten Schl\u00fcter","description":"","publisher":{"@id":"https:\/\/www.garten-schlueter.de\/blog\/#organization"},"potentialAction":[{"@type":"SearchAction","target":{"@type":"EntryPoint","urlTemplate":"https:\/\/www.garten-schlueter.de\/blog\/?s={search_term_string}"},"query-input":{"@type":"PropertyValueSpecification","valueRequired":true,"valueName":"search_term_string"}}],"inLanguage":"de"},{"@type":"Organization","@id":"https:\/\/www.garten-schlueter.de\/blog\/#organization","name":"Garten Schl\u00fcter","url":"https:\/\/www.garten-schlueter.de\/blog\/","logo":{"@type":"ImageObject","inLanguage":"de","@id":"https:\/\/www.garten-schlueter.de\/blog\/#\/schema\/logo\/image\/","url":"https:\/\/www.garten-schlueter.de\/blog\/wp-content\/uploads\/garten-schlueter-100.svg","contentUrl":"https:\/\/www.garten-schlueter.de\/blog\/wp-content\/uploads\/garten-schlueter-100.svg","width":507,"height":105,"caption":"Garten Schl\u00fcter"},"image":{"@id":"https:\/\/www.garten-schlueter.de\/blog\/#\/schema\/logo\/image\/"}},{"@type":"Person","@id":"https:\/\/www.garten-schlueter.de\/blog\/#\/schema\/person\/d5ce46fd02aa27b9b9e8a1d02d8e0d2f","name":"Garten Schl\u00fcter Team","image":{"@type":"ImageObject","inLanguage":"de","@id":"https:\/\/secure.gravatar.com\/avatar\/4788f42ff63ca55e296b0675613fda07efb5aa453feebb313a0c6c0484345971?s=96&d=mm&r=g","url":"https:\/\/secure.gravatar.com\/avatar\/4788f42ff63ca55e296b0675613fda07efb5aa453feebb313a0c6c0484345971?s=96&d=mm&r=g","contentUrl":"https:\/\/secure.gravatar.com\/avatar\/4788f42ff63ca55e296b0675613fda07efb5aa453feebb313a0c6c0484345971?s=96&d=mm&r=g","caption":"Garten Schl\u00fcter Team"}}]}},"_links":{"self":[{"href":"https:\/\/www.garten-schlueter.de\/blog\/wp-json\/wp\/v2\/posts\/7001","targetHints":{"allow":["GET"]}}],"collection":[{"href":"https:\/\/www.garten-schlueter.de\/blog\/wp-json\/wp\/v2\/posts"}],"about":[{"href":"https:\/\/www.garten-schlueter.de\/blog\/wp-json\/wp\/v2\/types\/post"}],"author":[{"embeddable":true,"href":"https:\/\/www.garten-schlueter.de\/blog\/wp-json\/wp\/v2\/users\/5"}],"replies":[{"embeddable":true,"href":"https:\/\/www.garten-schlueter.de\/blog\/wp-json\/wp\/v2\/comments?post=7001"}],"version-history":[{"count":13,"href":"https:\/\/www.garten-schlueter.de\/blog\/wp-json\/wp\/v2\/posts\/7001\/revisions"}],"predecessor-version":[{"id":7017,"href":"https:\/\/www.garten-schlueter.de\/blog\/wp-json\/wp\/v2\/posts\/7001\/revisions\/7017"}],"wp:featuredmedia":[{"embeddable":true,"href":"https:\/\/www.garten-schlueter.de\/blog\/wp-json\/wp\/v2\/media\/7004"}],"wp:attachment":[{"href":"https:\/\/www.garten-schlueter.de\/blog\/wp-json\/wp\/v2\/media?parent=7001"}],"wp:term":[{"taxonomy":"category","embeddable":true,"href":"https:\/\/www.garten-schlueter.de\/blog\/wp-json\/wp\/v2\/categories?post=7001"},{"taxonomy":"post_tag","embeddable":true,"href":"https:\/\/www.garten-schlueter.de\/blog\/wp-json\/wp\/v2\/tags?post=7001"}],"curies":[{"name":"wp","href":"https:\/\/api.w.org\/{rel}","templated":true}]}}