{"id":6948,"date":"2025-01-30T10:19:34","date_gmt":"2025-01-30T10:19:34","guid":{"rendered":"https:\/\/schlueter-dev.nfapp.de\/blog\/?p=6948"},"modified":"2025-01-30T10:24:59","modified_gmt":"2025-01-30T10:24:59","slug":"geranien-richtig-schneiden","status":"publish","type":"post","link":"https:\/\/www.garten-schlueter.de\/blog\/geranien-richtig-schneiden\/","title":{"rendered":"Geranien richtig schneiden"},"content":{"rendered":"\t\t<div data-elementor-type=\"wp-post\" data-elementor-id=\"6948\" class=\"elementor elementor-6948\" data-elementor-post-type=\"post\">\n\t\t\t\t<div class=\"elementor-element elementor-element-43aa59d e-flex e-con-boxed e-con e-parent\" data-id=\"43aa59d\" data-element_type=\"container\" data-e-type=\"container\">\n\t\t\t\t\t<div class=\"e-con-inner\">\n\t\t\t\t<div class=\"elementor-element elementor-element-578963c elementor-widget elementor-widget-heading\" data-id=\"578963c\" data-element_type=\"widget\" data-e-type=\"widget\" data-widget_type=\"heading.default\">\n\t\t\t\t<div class=\"elementor-widget-container\">\n\t\t\t\t\t<h1 class=\"elementor-heading-title elementor-size-default\">Geranien richtig schneiden<\/h1>\t\t\t\t<\/div>\n\t\t\t\t<\/div>\n\t\t\t\t<div class=\"elementor-element elementor-element-0706503 elementor-widget elementor-widget-text-editor\" data-id=\"0706503\" data-element_type=\"widget\" data-e-type=\"widget\" data-widget_type=\"text-editor.default\">\n\t\t\t\t<div class=\"elementor-widget-container\">\n\t\t\t\t\t\t\t\t\t<p>Ob vor der \u00dcberwinterung oder im Fr\u00fchjahr \u2013 ein regelm\u00e4\u00dfiger R\u00fcckschnitt h\u00e4lt Geranien vital und f\u00f6rdert ihre Bl\u00fcte. Hier erf\u00e4hrst du alles \u00fcber den richtigen Zeitpunkt und die beste Schnitttechnik.<\/p>\t\t\t\t\t\t\t\t<\/div>\n\t\t\t\t<\/div>\n\t\t\t\t\t<\/div>\n\t\t\t\t<\/div>\n\t\t<div class=\"elementor-element elementor-element-b2c8df1 e-flex e-con-boxed e-con e-parent\" data-id=\"b2c8df1\" data-element_type=\"container\" data-e-type=\"container\" data-settings=\"{&quot;background_background&quot;:&quot;classic&quot;}\">\n\t\t\t\t\t<div class=\"e-con-inner\">\n\t\t\t\t<div class=\"elementor-element elementor-element-7329433 elementor-widget elementor-widget-image\" data-id=\"7329433\" data-element_type=\"widget\" data-e-type=\"widget\" data-widget_type=\"image.default\">\n\t\t\t\t<div class=\"elementor-widget-container\">\n\t\t\t\t\t\t\t\t\t\t\t\t\t\t\t<img decoding=\"async\" src=\"https:\/\/www.garten-schlueter.de\/blog\/wp-content\/uploads\/elementor\/thumbs\/header-10-r0rj5usu32p5al104koli3doge4ce5uw1jnibw33vc.jpg\" title=\"header\" alt=\"Geranien in einer Blumenampel\" loading=\"lazy\" \/>\t\t\t\t\t\t\t\t\t\t\t\t\t\t\t<\/div>\n\t\t\t\t<\/div>\n\t\t<div class=\"elementor-element elementor-element-c6faafd e-con-full e-flex e-con e-child\" data-id=\"c6faafd\" data-element_type=\"container\" data-e-type=\"container\">\n\t\t\t\t<div class=\"elementor-element elementor-element-287de26 elementor-widget elementor-widget-text-editor\" data-id=\"287de26\" data-element_type=\"widget\" data-e-type=\"widget\" data-widget_type=\"text-editor.default\">\n\t\t\t\t<div class=\"elementor-widget-container\">\n\t\t\t\t\t\t\t\t\t<p>Viele G\u00e4rtner schneiden ihre Geranien kaum, da sie oft nur einen Sommer lang gepflegt und danach entsorgt werden. Doch <strong>Geranien sind mehrj\u00e4hrige Pflanzen<\/strong> \u2013 mit der richtigen Pflege k\u00f6nnen sie \u00fcber viele Jahre hinweg kr\u00e4ftig wachsen und reich bl\u00fchen. Ein regelm\u00e4\u00dfiger R\u00fcckschnitt ist dabei essenziell, um die Pflanze gesund zu halten, das Wachstum zu f\u00f6rdern und eine \u00fcppige Bl\u00fctenpracht zu gew\u00e4hrleisten.<\/p>\t\t\t\t\t\t\t\t<\/div>\n\t\t\t\t<\/div>\n\t\t\t\t<div class=\"elementor-element elementor-element-7aaed6b elementor-widget__width-initial elementor-widget elementor-widget-heading\" data-id=\"7aaed6b\" data-element_type=\"widget\" data-e-type=\"widget\" data-widget_type=\"heading.default\">\n\t\t\t\t<div class=\"elementor-widget-container\">\n\t\t\t\t\t<h2 class=\"elementor-heading-title elementor-size-default\">Warum sollten Geranien zur\u00fcckgeschnitten werden?<\/h2>\t\t\t\t<\/div>\n\t\t\t\t<\/div>\n\t\t\t\t<div class=\"elementor-element elementor-element-32cfe6d elementor-widget elementor-widget-heading\" data-id=\"32cfe6d\" data-element_type=\"widget\" data-e-type=\"widget\" data-widget_type=\"heading.default\">\n\t\t\t\t<div class=\"elementor-widget-container\">\n\t\t\t\t\t<h3 class=\"elementor-heading-title elementor-size-default\">1. R\u00fcckschnitt  im Herbst<\/h3>\t\t\t\t<\/div>\n\t\t\t\t<\/div>\n\t\t\t\t<div class=\"elementor-element elementor-element-c72b3e5 elementor-widget elementor-widget-text-editor\" data-id=\"c72b3e5\" data-element_type=\"widget\" data-e-type=\"widget\" data-widget_type=\"text-editor.default\">\n\t\t\t\t<div class=\"elementor-widget-container\">\n\t\t\t\t\t\t\t\t\t<p>Bevor die Pflanzen ins Winterquartier ziehen, sollten sie <strong>Ende Oktober, vor dem ersten starken Frost<\/strong>, zur\u00fcckgeschnitten werden. Ein fr\u00fcher R\u00fcckschnitt hat mehrere Vorteile:<\/p>\t\t\t\t\t\t\t\t<\/div>\n\t\t\t\t<\/div>\n\t\t\t\t<div class=\"elementor-element elementor-element-679f8dc elementor-widget__width-inherit elementor-icon-list--layout-traditional elementor-list-item-link-full_width elementor-widget elementor-widget-icon-list\" data-id=\"679f8dc\" data-element_type=\"widget\" data-e-type=\"widget\" data-widget_type=\"icon-list.default\">\n\t\t\t\t<div class=\"elementor-widget-container\">\n\t\t\t\t\t\t\t<ul class=\"elementor-icon-list-items\">\n\t\t\t\t\t\t\t<li class=\"elementor-icon-list-item\">\n\t\t\t\t\t\t\t\t\t\t\t<span class=\"elementor-icon-list-icon\">\n\t\t\t\t\t\t\t<svg aria-hidden=\"true\" class=\"e-font-icon-svg e-fas-leaf\" viewBox=\"0 0 576 512\" xmlns=\"http:\/\/www.w3.org\/2000\/svg\"><path d=\"M546.2 9.7c-5.6-12.5-21.6-13-28.3-1.2C486.9 62.4 431.4 96 368 96h-80C182 96 96 182 96 288c0 7 .8 13.7 1.5 20.5C161.3 262.8 253.4 224 384 224c8.8 0 16 7.2 16 16s-7.2 16-16 16C132.6 256 26 410.1 2.4 468c-6.6 16.3 1.2 34.9 17.5 41.6 16.4 6.8 35-1.1 41.8-17.3 1.5-3.6 20.9-47.9 71.9-90.6 32.4 43.9 94 85.8 174.9 77.2C465.5 467.5 576 326.7 576 154.3c0-50.2-10.8-102.2-29.8-144.6z\"><\/path><\/svg>\t\t\t\t\t\t<\/span>\n\t\t\t\t\t\t\t\t\t\t<span class=\"elementor-icon-list-text\">Die Pflanzen nehmen weniger Platz bei der Lagerung ein.<\/span>\n\t\t\t\t\t\t\t\t\t<\/li>\n\t\t\t\t\t\t\t\t<li class=\"elementor-icon-list-item\">\n\t\t\t\t\t\t\t\t\t\t\t<span class=\"elementor-icon-list-icon\">\n\t\t\t\t\t\t\t<svg aria-hidden=\"true\" class=\"e-font-icon-svg e-fas-leaf\" viewBox=\"0 0 576 512\" xmlns=\"http:\/\/www.w3.org\/2000\/svg\"><path d=\"M546.2 9.7c-5.6-12.5-21.6-13-28.3-1.2C486.9 62.4 431.4 96 368 96h-80C182 96 96 182 96 288c0 7 .8 13.7 1.5 20.5C161.3 262.8 253.4 224 384 224c8.8 0 16 7.2 16 16s-7.2 16-16 16C132.6 256 26 410.1 2.4 468c-6.6 16.3 1.2 34.9 17.5 41.6 16.4 6.8 35-1.1 41.8-17.3 1.5-3.6 20.9-47.9 71.9-90.6 32.4 43.9 94 85.8 174.9 77.2C465.5 467.5 576 326.7 576 154.3c0-50.2-10.8-102.2-29.8-144.6z\"><\/path><\/svg>\t\t\t\t\t\t<\/span>\n\t\t\t\t\t\t\t\t\t\t<span class=\"elementor-icon-list-text\">Triebe und Bl\u00e4tter bieten weniger Angriffsfl\u00e4che f\u00fcr Krankheiten und Sch\u00e4dlinge.<\/span>\n\t\t\t\t\t\t\t\t\t<\/li>\n\t\t\t\t\t\t\t\t<li class=\"elementor-icon-list-item\">\n\t\t\t\t\t\t\t\t\t\t\t<span class=\"elementor-icon-list-icon\">\n\t\t\t\t\t\t\t<svg aria-hidden=\"true\" class=\"e-font-icon-svg e-fas-leaf\" viewBox=\"0 0 576 512\" xmlns=\"http:\/\/www.w3.org\/2000\/svg\"><path d=\"M546.2 9.7c-5.6-12.5-21.6-13-28.3-1.2C486.9 62.4 431.4 96 368 96h-80C182 96 96 182 96 288c0 7 .8 13.7 1.5 20.5C161.3 262.8 253.4 224 384 224c8.8 0 16 7.2 16 16s-7.2 16-16 16C132.6 256 26 410.1 2.4 468c-6.6 16.3 1.2 34.9 17.5 41.6 16.4 6.8 35-1.1 41.8-17.3 1.5-3.6 20.9-47.9 71.9-90.6 32.4 43.9 94 85.8 174.9 77.2C465.5 467.5 576 326.7 576 154.3c0-50.2-10.8-102.2-29.8-144.6z\"><\/path><\/svg>\t\t\t\t\t\t<\/span>\n\t\t\t\t\t\t\t\t\t\t<span class=\"elementor-icon-list-text\">\u00dcberfl\u00fcssiges Laub entzieht der Pflanze kein unn\u00f6tiges Wasser.<\/span>\n\t\t\t\t\t\t\t\t\t<\/li>\n\t\t\t\t\t\t<\/ul>\n\t\t\t\t\t\t<\/div>\n\t\t\t\t<\/div>\n\t\t\t\t<div class=\"elementor-element elementor-element-2f34beb elementor-widget elementor-widget-heading\" data-id=\"2f34beb\" data-element_type=\"widget\" data-e-type=\"widget\" data-widget_type=\"heading.default\">\n\t\t\t\t<div class=\"elementor-widget-container\">\n\t\t\t\t\t<h3 class=\"elementor-heading-title elementor-size-default\">2. R\u00fcckschnitt im Fr\u00fchjahr<\/h3>\t\t\t\t<\/div>\n\t\t\t\t<\/div>\n\t\t\t\t<div class=\"elementor-element elementor-element-167f780 elementor-widget elementor-widget-text-editor\" data-id=\"167f780\" data-element_type=\"widget\" data-e-type=\"widget\" data-widget_type=\"text-editor.default\">\n\t\t\t\t<div class=\"elementor-widget-container\">\n\t\t\t\t\t\t\t\t\t<p>Nach der Winterruhe ist ein weiterer R\u00fcckschnitt n\u00f6tig. W\u00e4hrend dieser Zeit bilden sich oft <strong>schwache Geiltriebe<\/strong>, die aufgrund des Lichtmangels im Winterquartier lang und d\u00fcnn wachsen. Diese Triebe tragen kaum Bl\u00fcten und sollten entfernt werden, damit die Pflanze ihre Energie in <strong>kr\u00e4ftige neue Sprosse<\/strong> investiert.<\/p>\t\t\t\t\t\t\t\t<\/div>\n\t\t\t\t<\/div>\n\t\t\t\t<div class=\"elementor-element elementor-element-8c289f4 elementor-widget elementor-widget-heading\" data-id=\"8c289f4\" data-element_type=\"widget\" data-e-type=\"widget\" data-widget_type=\"heading.default\">\n\t\t\t\t<div class=\"elementor-widget-container\">\n\t\t\t\t\t<h3 class=\"elementor-heading-title elementor-size-default\">3. Weitere Gr\u00fcnde f\u00fcr den R\u00fcckschnitt<\/h3>\t\t\t\t<\/div>\n\t\t\t\t<\/div>\n\t\t\t\t<div class=\"elementor-element elementor-element-3bd7393 elementor-widget elementor-widget-text-editor\" data-id=\"3bd7393\" data-element_type=\"widget\" data-e-type=\"widget\" data-widget_type=\"text-editor.default\">\n\t\t\t\t<div class=\"elementor-widget-container\">\n\t\t\t\t\t\t\t\t\t<p>Neben den saisonalen R\u00fcckschnitten gibt es einige weitere Gelegenheiten, um einzelne Triebe gezielt zu k\u00fcrzen:<\/p>\t\t\t\t\t\t\t\t<\/div>\n\t\t\t\t<\/div>\n\t\t\t\t<div class=\"elementor-element elementor-element-1cff7f9 elementor-widget__width-inherit elementor-icon-list--layout-traditional elementor-list-item-link-full_width elementor-widget elementor-widget-icon-list\" data-id=\"1cff7f9\" data-element_type=\"widget\" data-e-type=\"widget\" data-widget_type=\"icon-list.default\">\n\t\t\t\t<div class=\"elementor-widget-container\">\n\t\t\t\t\t\t\t<ul class=\"elementor-icon-list-items\">\n\t\t\t\t\t\t\t<li class=\"elementor-icon-list-item\">\n\t\t\t\t\t\t\t\t\t\t\t<span class=\"elementor-icon-list-icon\">\n\t\t\t\t\t\t\t<svg aria-hidden=\"true\" class=\"e-font-icon-svg e-fas-leaf\" viewBox=\"0 0 576 512\" xmlns=\"http:\/\/www.w3.org\/2000\/svg\"><path d=\"M546.2 9.7c-5.6-12.5-21.6-13-28.3-1.2C486.9 62.4 431.4 96 368 96h-80C182 96 96 182 96 288c0 7 .8 13.7 1.5 20.5C161.3 262.8 253.4 224 384 224c8.8 0 16 7.2 16 16s-7.2 16-16 16C132.6 256 26 410.1 2.4 468c-6.6 16.3 1.2 34.9 17.5 41.6 16.4 6.8 35-1.1 41.8-17.3 1.5-3.6 20.9-47.9 71.9-90.6 32.4 43.9 94 85.8 174.9 77.2C465.5 467.5 576 326.7 576 154.3c0-50.2-10.8-102.2-29.8-144.6z\"><\/path><\/svg>\t\t\t\t\t\t<\/span>\n\t\t\t\t\t\t\t\t\t\t<span class=\"elementor-icon-list-text\"><b>Erkrankte oder besch\u00e4digte Triebe entfernen:<\/b> Um Krankheiten wie Geranienrost einzud\u00e4mmen, sollten betroffene Bl\u00e4tter und Triebe schnellstm\u00f6glich entfernt werden.<\/span>\n\t\t\t\t\t\t\t\t\t<\/li>\n\t\t\t\t\t\t\t\t<li class=\"elementor-icon-list-item\">\n\t\t\t\t\t\t\t\t\t\t\t<span class=\"elementor-icon-list-icon\">\n\t\t\t\t\t\t\t<svg aria-hidden=\"true\" class=\"e-font-icon-svg e-fas-leaf\" viewBox=\"0 0 576 512\" xmlns=\"http:\/\/www.w3.org\/2000\/svg\"><path d=\"M546.2 9.7c-5.6-12.5-21.6-13-28.3-1.2C486.9 62.4 431.4 96 368 96h-80C182 96 96 182 96 288c0 7 .8 13.7 1.5 20.5C161.3 262.8 253.4 224 384 224c8.8 0 16 7.2 16 16s-7.2 16-16 16C132.6 256 26 410.1 2.4 468c-6.6 16.3 1.2 34.9 17.5 41.6 16.4 6.8 35-1.1 41.8-17.3 1.5-3.6 20.9-47.9 71.9-90.6 32.4 43.9 94 85.8 174.9 77.2C465.5 467.5 576 326.7 576 154.3c0-50.2-10.8-102.2-29.8-144.6z\"><\/path><\/svg>\t\t\t\t\t\t<\/span>\n\t\t\t\t\t\t\t\t\t\t<span class=\"elementor-icon-list-text\"><b>Bl\u00fchfaule Triebe eink\u00fcrzen:<\/b> Manche Triebe bl\u00fchen schw\u00e4cher als andere. Ein gezielter R\u00fcckschnitt kann dazu f\u00fchren, dass sie nachwachsen und mehr Bl\u00fcten bilden.<\/span>\n\t\t\t\t\t\t\t\t\t<\/li>\n\t\t\t\t\t\t\t\t<li class=\"elementor-icon-list-item\">\n\t\t\t\t\t\t\t\t\t\t\t<span class=\"elementor-icon-list-icon\">\n\t\t\t\t\t\t\t<svg aria-hidden=\"true\" class=\"e-font-icon-svg e-fas-leaf\" viewBox=\"0 0 576 512\" xmlns=\"http:\/\/www.w3.org\/2000\/svg\"><path d=\"M546.2 9.7c-5.6-12.5-21.6-13-28.3-1.2C486.9 62.4 431.4 96 368 96h-80C182 96 96 182 96 288c0 7 .8 13.7 1.5 20.5C161.3 262.8 253.4 224 384 224c8.8 0 16 7.2 16 16s-7.2 16-16 16C132.6 256 26 410.1 2.4 468c-6.6 16.3 1.2 34.9 17.5 41.6 16.4 6.8 35-1.1 41.8-17.3 1.5-3.6 20.9-47.9 71.9-90.6 32.4 43.9 94 85.8 174.9 77.2C465.5 467.5 576 326.7 576 154.3c0-50.2-10.8-102.2-29.8-144.6z\"><\/path><\/svg>\t\t\t\t\t\t<\/span>\n\t\t\t\t\t\t\t\t\t\t<span class=\"elementor-icon-list-text\"><b>Abgestorbene Pflanzenteile entfernen:<\/b> Diese erkennst du an einer dunklen, vertrockneten F\u00e4rbung. Sie lassen sich leicht zusammendr\u00fccken und brechen schnell.<\/span>\n\t\t\t\t\t\t\t\t\t<\/li>\n\t\t\t\t\t\t\t\t<li class=\"elementor-icon-list-item\">\n\t\t\t\t\t\t\t\t\t\t\t<span class=\"elementor-icon-list-icon\">\n\t\t\t\t\t\t\t<svg aria-hidden=\"true\" class=\"e-font-icon-svg e-fas-leaf\" viewBox=\"0 0 576 512\" xmlns=\"http:\/\/www.w3.org\/2000\/svg\"><path d=\"M546.2 9.7c-5.6-12.5-21.6-13-28.3-1.2C486.9 62.4 431.4 96 368 96h-80C182 96 96 182 96 288c0 7 .8 13.7 1.5 20.5C161.3 262.8 253.4 224 384 224c8.8 0 16 7.2 16 16s-7.2 16-16 16C132.6 256 26 410.1 2.4 468c-6.6 16.3 1.2 34.9 17.5 41.6 16.4 6.8 35-1.1 41.8-17.3 1.5-3.6 20.9-47.9 71.9-90.6 32.4 43.9 94 85.8 174.9 77.2C465.5 467.5 576 326.7 576 154.3c0-50.2-10.8-102.2-29.8-144.6z\"><\/path><\/svg>\t\t\t\t\t\t<\/span>\n\t\t\t\t\t\t\t\t\t\t<span class=\"elementor-icon-list-text\"><b>Buschiges Wachstum f\u00f6rdern:<\/b> Wenn eine Geranie viele neue Triebe bildet, kannst du einige Spitzen eink\u00fcrzen. Dadurch w\u00e4chst die Pflanze kompakter und bildet mehr Seitentriebe.<\/span>\n\t\t\t\t\t\t\t\t\t<\/li>\n\t\t\t\t\t\t<\/ul>\n\t\t\t\t\t\t<\/div>\n\t\t\t\t<\/div>\n\t\t\t\t<div class=\"elementor-element elementor-element-0050cf5 elementor-widget elementor-widget-image\" data-id=\"0050cf5\" data-element_type=\"widget\" data-e-type=\"widget\" data-widget_type=\"image.default\">\n\t\t\t\t<div class=\"elementor-widget-container\">\n\t\t\t\t\t\t\t\t\t\t\t\t\t\t\t<img fetchpriority=\"high\" decoding=\"async\" width=\"800\" height=\"480\" src=\"https:\/\/www.garten-schlueter.de\/blog\/wp-content\/uploads\/geranie1.jpg\" class=\"attachment-large size-large wp-image-6951\" alt=\"\" srcset=\"https:\/\/www.garten-schlueter.de\/blog\/wp-content\/uploads\/geranie1.jpg 1000w, https:\/\/www.garten-schlueter.de\/blog\/wp-content\/uploads\/geranie1-300x180.jpg 300w, https:\/\/www.garten-schlueter.de\/blog\/wp-content\/uploads\/geranie1-768x461.jpg 768w\" sizes=\"(max-width: 800px) 100vw, 800px\" \/>\t\t\t\t\t\t\t\t\t\t\t\t\t\t\t<\/div>\n\t\t\t\t<\/div>\n\t\t\t\t<div class=\"elementor-element elementor-element-9653796 elementor-widget__width-initial elementor-widget elementor-widget-heading\" data-id=\"9653796\" data-element_type=\"widget\" data-e-type=\"widget\" data-widget_type=\"heading.default\">\n\t\t\t\t<div class=\"elementor-widget-container\">\n\t\t\t\t\t<h2 class=\"elementor-heading-title elementor-size-default\">Wie werden Geranien richtig geschnitten?<\/h2>\t\t\t\t<\/div>\n\t\t\t\t<\/div>\n\t\t\t\t<div class=\"elementor-element elementor-element-8f469e2 elementor-widget elementor-widget-heading\" data-id=\"8f469e2\" data-element_type=\"widget\" data-e-type=\"widget\" data-widget_type=\"heading.default\">\n\t\t\t\t<div class=\"elementor-widget-container\">\n\t\t\t\t\t<h3 class=\"elementor-heading-title elementor-size-default\">1. Das richtige Werkzeug<\/h3>\t\t\t\t<\/div>\n\t\t\t\t<\/div>\n\t\t\t\t<div class=\"elementor-element elementor-element-94b1402 elementor-widget elementor-widget-text-editor\" data-id=\"94b1402\" data-element_type=\"widget\" data-e-type=\"widget\" data-widget_type=\"text-editor.default\">\n\t\t\t\t<div class=\"elementor-widget-container\">\n\t\t\t\t\t\t\t\t\t<p>F\u00fcr den R\u00fcckschnitt brauchst du eine <strong>scharfe und saubere Gartenschere<\/strong> oder ein Gartenmesser.<\/p>\t\t\t\t\t\t\t\t<\/div>\n\t\t\t\t<\/div>\n\t\t\t\t<div class=\"elementor-element elementor-element-827760b elementor-widget__width-inherit elementor-icon-list--layout-traditional elementor-list-item-link-full_width elementor-widget elementor-widget-icon-list\" data-id=\"827760b\" data-element_type=\"widget\" data-e-type=\"widget\" data-widget_type=\"icon-list.default\">\n\t\t\t\t<div class=\"elementor-widget-container\">\n\t\t\t\t\t\t\t<ul class=\"elementor-icon-list-items\">\n\t\t\t\t\t\t\t<li class=\"elementor-icon-list-item\">\n\t\t\t\t\t\t\t\t\t\t\t<span class=\"elementor-icon-list-icon\">\n\t\t\t\t\t\t\t<svg aria-hidden=\"true\" class=\"e-font-icon-svg e-fas-leaf\" viewBox=\"0 0 576 512\" xmlns=\"http:\/\/www.w3.org\/2000\/svg\"><path d=\"M546.2 9.7c-5.6-12.5-21.6-13-28.3-1.2C486.9 62.4 431.4 96 368 96h-80C182 96 96 182 96 288c0 7 .8 13.7 1.5 20.5C161.3 262.8 253.4 224 384 224c8.8 0 16 7.2 16 16s-7.2 16-16 16C132.6 256 26 410.1 2.4 468c-6.6 16.3 1.2 34.9 17.5 41.6 16.4 6.8 35-1.1 41.8-17.3 1.5-3.6 20.9-47.9 71.9-90.6 32.4 43.9 94 85.8 174.9 77.2C465.5 467.5 576 326.7 576 154.3c0-50.2-10.8-102.2-29.8-144.6z\"><\/path><\/svg>\t\t\t\t\t\t<\/span>\n\t\t\t\t\t\t\t\t\t\t<span class=\"elementor-icon-list-text\"><b>Scharf: <\/b>Damit die Triebe nicht gequetscht werden \u2013 Quetschstellen sind Eintrittspforten f\u00fcr Krankheiten.<\/span>\n\t\t\t\t\t\t\t\t\t<\/li>\n\t\t\t\t\t\t\t\t<li class=\"elementor-icon-list-item\">\n\t\t\t\t\t\t\t\t\t\t\t<span class=\"elementor-icon-list-icon\">\n\t\t\t\t\t\t\t<svg aria-hidden=\"true\" class=\"e-font-icon-svg e-fas-leaf\" viewBox=\"0 0 576 512\" xmlns=\"http:\/\/www.w3.org\/2000\/svg\"><path d=\"M546.2 9.7c-5.6-12.5-21.6-13-28.3-1.2C486.9 62.4 431.4 96 368 96h-80C182 96 96 182 96 288c0 7 .8 13.7 1.5 20.5C161.3 262.8 253.4 224 384 224c8.8 0 16 7.2 16 16s-7.2 16-16 16C132.6 256 26 410.1 2.4 468c-6.6 16.3 1.2 34.9 17.5 41.6 16.4 6.8 35-1.1 41.8-17.3 1.5-3.6 20.9-47.9 71.9-90.6 32.4 43.9 94 85.8 174.9 77.2C465.5 467.5 576 326.7 576 154.3c0-50.2-10.8-102.2-29.8-144.6z\"><\/path><\/svg>\t\t\t\t\t\t<\/span>\n\t\t\t\t\t\t\t\t\t\t<span class=\"elementor-icon-list-text\"><b>Sauber: <\/b>Damit keine Krankheitserreger von einer Pflanze auf die andere \u00fcbertragen werden.<\/span>\n\t\t\t\t\t\t\t\t\t<\/li>\n\t\t\t\t\t\t<\/ul>\n\t\t\t\t\t\t<\/div>\n\t\t\t\t<\/div>\n\t\t\t\t<div class=\"elementor-element elementor-element-8a5096b elementor-widget elementor-widget-heading\" data-id=\"8a5096b\" data-element_type=\"widget\" data-e-type=\"widget\" data-widget_type=\"heading.default\">\n\t\t\t\t<div class=\"elementor-widget-container\">\n\t\t\t\t\t<h3 class=\"elementor-heading-title elementor-size-default\">2. Den richtigen Schnittpunkt w\u00e4hlen<\/h3>\t\t\t\t<\/div>\n\t\t\t\t<\/div>\n\t\t\t\t<div class=\"elementor-element elementor-element-b728a8e elementor-widget elementor-widget-text-editor\" data-id=\"b728a8e\" data-element_type=\"widget\" data-e-type=\"widget\" data-widget_type=\"text-editor.default\">\n\t\t\t\t<div class=\"elementor-widget-container\">\n\t\t\t\t\t\t\t\t\t<p>Der R\u00fcckschnitt sollte <strong>einen Fingerbreit \u00fcber einem Blattknoten<\/strong> erfolgen, da hier die neuen Triebe am besten nachwachsen.<\/p>\t\t\t\t\t\t\t\t<\/div>\n\t\t\t\t<\/div>\n\t\t\t\t<div class=\"elementor-element elementor-element-d3b2c49 elementor-widget elementor-widget-heading\" data-id=\"d3b2c49\" data-element_type=\"widget\" data-e-type=\"widget\" data-widget_type=\"heading.default\">\n\t\t\t\t<div class=\"elementor-widget-container\">\n\t\t\t\t\t<h3 class=\"elementor-heading-title elementor-size-default\">3. Wie viel sollte abgeschnitten werden?<\/h3>\t\t\t\t<\/div>\n\t\t\t\t<\/div>\n\t\t\t\t<div class=\"elementor-element elementor-element-ed653cb elementor-widget elementor-widget-text-editor\" data-id=\"ed653cb\" data-element_type=\"widget\" data-e-type=\"widget\" data-widget_type=\"text-editor.default\">\n\t\t\t\t<div class=\"elementor-widget-container\">\n\t\t\t\t\t\t\t\t\t<p><strong>Vor der \u00dcberwinterung:<\/strong><\/p>\t\t\t\t\t\t\t\t<\/div>\n\t\t\t\t<\/div>\n\t\t\t\t<div class=\"elementor-element elementor-element-4034a6d elementor-widget__width-inherit elementor-icon-list--layout-traditional elementor-list-item-link-full_width elementor-widget elementor-widget-icon-list\" data-id=\"4034a6d\" data-element_type=\"widget\" data-e-type=\"widget\" data-widget_type=\"icon-list.default\">\n\t\t\t\t<div class=\"elementor-widget-container\">\n\t\t\t\t\t\t\t<ul class=\"elementor-icon-list-items\">\n\t\t\t\t\t\t\t<li class=\"elementor-icon-list-item\">\n\t\t\t\t\t\t\t\t\t\t\t<span class=\"elementor-icon-list-icon\">\n\t\t\t\t\t\t\t<svg aria-hidden=\"true\" class=\"e-font-icon-svg e-fas-leaf\" viewBox=\"0 0 576 512\" xmlns=\"http:\/\/www.w3.org\/2000\/svg\"><path d=\"M546.2 9.7c-5.6-12.5-21.6-13-28.3-1.2C486.9 62.4 431.4 96 368 96h-80C182 96 96 182 96 288c0 7 .8 13.7 1.5 20.5C161.3 262.8 253.4 224 384 224c8.8 0 16 7.2 16 16s-7.2 16-16 16C132.6 256 26 410.1 2.4 468c-6.6 16.3 1.2 34.9 17.5 41.6 16.4 6.8 35-1.1 41.8-17.3 1.5-3.6 20.9-47.9 71.9-90.6 32.4 43.9 94 85.8 174.9 77.2C465.5 467.5 576 326.7 576 154.3c0-50.2-10.8-102.2-29.8-144.6z\"><\/path><\/svg>\t\t\t\t\t\t<\/span>\n\t\t\t\t\t\t\t\t\t\t<span class=\"elementor-icon-list-text\">Bl\u00e4tter und Knospen werden komplett entfernt.<\/span>\n\t\t\t\t\t\t\t\t\t<\/li>\n\t\t\t\t\t\t\t\t<li class=\"elementor-icon-list-item\">\n\t\t\t\t\t\t\t\t\t\t\t<span class=\"elementor-icon-list-icon\">\n\t\t\t\t\t\t\t<svg aria-hidden=\"true\" class=\"e-font-icon-svg e-fas-leaf\" viewBox=\"0 0 576 512\" xmlns=\"http:\/\/www.w3.org\/2000\/svg\"><path d=\"M546.2 9.7c-5.6-12.5-21.6-13-28.3-1.2C486.9 62.4 431.4 96 368 96h-80C182 96 96 182 96 288c0 7 .8 13.7 1.5 20.5C161.3 262.8 253.4 224 384 224c8.8 0 16 7.2 16 16s-7.2 16-16 16C132.6 256 26 410.1 2.4 468c-6.6 16.3 1.2 34.9 17.5 41.6 16.4 6.8 35-1.1 41.8-17.3 1.5-3.6 20.9-47.9 71.9-90.6 32.4 43.9 94 85.8 174.9 77.2C465.5 467.5 576 326.7 576 154.3c0-50.2-10.8-102.2-29.8-144.6z\"><\/path><\/svg>\t\t\t\t\t\t<\/span>\n\t\t\t\t\t\t\t\t\t\t<span class=\"elementor-icon-list-text\">Die Triebe werden auf etwa 15 cm (etwa ein Drittel der Pflanze) zur\u00fcckgeschnitten.<\/span>\n\t\t\t\t\t\t\t\t\t<\/li>\n\t\t\t\t\t\t<\/ul>\n\t\t\t\t\t\t<\/div>\n\t\t\t\t<\/div>\n\t\t\t\t<div class=\"elementor-element elementor-element-0b670e5 elementor-widget elementor-widget-text-editor\" data-id=\"0b670e5\" data-element_type=\"widget\" data-e-type=\"widget\" data-widget_type=\"text-editor.default\">\n\t\t\t\t<div class=\"elementor-widget-container\">\n\t\t\t\t\t\t\t\t\t<p><strong>Nach der Winterruhe:<\/strong><\/p>\t\t\t\t\t\t\t\t<\/div>\n\t\t\t\t<\/div>\n\t\t\t\t<div class=\"elementor-element elementor-element-1f2fdf4 elementor-widget__width-inherit elementor-icon-list--layout-traditional elementor-list-item-link-full_width elementor-widget elementor-widget-icon-list\" data-id=\"1f2fdf4\" data-element_type=\"widget\" data-e-type=\"widget\" data-widget_type=\"icon-list.default\">\n\t\t\t\t<div class=\"elementor-widget-container\">\n\t\t\t\t\t\t\t<ul class=\"elementor-icon-list-items\">\n\t\t\t\t\t\t\t<li class=\"elementor-icon-list-item\">\n\t\t\t\t\t\t\t\t\t\t\t<span class=\"elementor-icon-list-icon\">\n\t\t\t\t\t\t\t<svg aria-hidden=\"true\" class=\"e-font-icon-svg e-fas-leaf\" viewBox=\"0 0 576 512\" xmlns=\"http:\/\/www.w3.org\/2000\/svg\"><path d=\"M546.2 9.7c-5.6-12.5-21.6-13-28.3-1.2C486.9 62.4 431.4 96 368 96h-80C182 96 96 182 96 288c0 7 .8 13.7 1.5 20.5C161.3 262.8 253.4 224 384 224c8.8 0 16 7.2 16 16s-7.2 16-16 16C132.6 256 26 410.1 2.4 468c-6.6 16.3 1.2 34.9 17.5 41.6 16.4 6.8 35-1.1 41.8-17.3 1.5-3.6 20.9-47.9 71.9-90.6 32.4 43.9 94 85.8 174.9 77.2C465.5 467.5 576 326.7 576 154.3c0-50.2-10.8-102.2-29.8-144.6z\"><\/path><\/svg>\t\t\t\t\t\t<\/span>\n\t\t\t\t\t\t\t\t\t\t<span class=\"elementor-icon-list-text\">Alle schwachen, abgestorbenen oder erkrankten Triebe entfernen.<\/span>\n\t\t\t\t\t\t\t\t\t<\/li>\n\t\t\t\t\t\t\t\t<li class=\"elementor-icon-list-item\">\n\t\t\t\t\t\t\t\t\t\t\t<span class=\"elementor-icon-list-icon\">\n\t\t\t\t\t\t\t<svg aria-hidden=\"true\" class=\"e-font-icon-svg e-fas-leaf\" viewBox=\"0 0 576 512\" xmlns=\"http:\/\/www.w3.org\/2000\/svg\"><path d=\"M546.2 9.7c-5.6-12.5-21.6-13-28.3-1.2C486.9 62.4 431.4 96 368 96h-80C182 96 96 182 96 288c0 7 .8 13.7 1.5 20.5C161.3 262.8 253.4 224 384 224c8.8 0 16 7.2 16 16s-7.2 16-16 16C132.6 256 26 410.1 2.4 468c-6.6 16.3 1.2 34.9 17.5 41.6 16.4 6.8 35-1.1 41.8-17.3 1.5-3.6 20.9-47.9 71.9-90.6 32.4 43.9 94 85.8 174.9 77.2C465.5 467.5 576 326.7 576 154.3c0-50.2-10.8-102.2-29.8-144.6z\"><\/path><\/svg>\t\t\t\t\t\t<\/span>\n\t\t\t\t\t\t\t\t\t\t<span class=\"elementor-icon-list-text\">Triebe auf rund vier Blattknoten pro Trieb k\u00fcrzen.<\/span>\n\t\t\t\t\t\t\t\t\t<\/li>\n\t\t\t\t\t\t\t\t<li class=\"elementor-icon-list-item\">\n\t\t\t\t\t\t\t\t\t\t\t<span class=\"elementor-icon-list-icon\">\n\t\t\t\t\t\t\t<svg aria-hidden=\"true\" class=\"e-font-icon-svg e-fas-leaf\" viewBox=\"0 0 576 512\" xmlns=\"http:\/\/www.w3.org\/2000\/svg\"><path d=\"M546.2 9.7c-5.6-12.5-21.6-13-28.3-1.2C486.9 62.4 431.4 96 368 96h-80C182 96 96 182 96 288c0 7 .8 13.7 1.5 20.5C161.3 262.8 253.4 224 384 224c8.8 0 16 7.2 16 16s-7.2 16-16 16C132.6 256 26 410.1 2.4 468c-6.6 16.3 1.2 34.9 17.5 41.6 16.4 6.8 35-1.1 41.8-17.3 1.5-3.6 20.9-47.9 71.9-90.6 32.4 43.9 94 85.8 174.9 77.2C465.5 467.5 576 326.7 576 154.3c0-50.2-10.8-102.2-29.8-144.6z\"><\/path><\/svg>\t\t\t\t\t\t<\/span>\n\t\t\t\t\t\t\t\t\t\t<span class=\"elementor-icon-list-text\">Falls n\u00f6tig, auch die Wurzeln an den Seiten und in der L\u00e4nge leicht eink\u00fcrzen, um die Pflanze zu verj\u00fcngen.<\/span>\n\t\t\t\t\t\t\t\t\t<\/li>\n\t\t\t\t\t\t<\/ul>\n\t\t\t\t\t\t<\/div>\n\t\t\t\t<\/div>\n\t\t\t\t<div class=\"elementor-element elementor-element-44b0298 elementor-position-inline-start nfg-infobox elementor-view-default elementor-mobile-position-block-start elementor-widget elementor-widget-icon-box\" data-id=\"44b0298\" data-element_type=\"widget\" data-e-type=\"widget\" data-widget_type=\"icon-box.default\">\n\t\t\t\t<div class=\"elementor-widget-container\">\n\t\t\t\t\t\t\t<div class=\"elementor-icon-box-wrapper\">\n\n\t\t\t\t\t\t<div class=\"elementor-icon-box-icon\">\n\t\t\t\t<span  class=\"elementor-icon\">\n\t\t\t\t<svg aria-hidden=\"true\" class=\"e-font-icon-svg e-fas-info-circle\" viewBox=\"0 0 512 512\" xmlns=\"http:\/\/www.w3.org\/2000\/svg\"><path d=\"M256 8C119.043 8 8 119.083 8 256c0 136.997 111.043 248 248 248s248-111.003 248-248C504 119.083 392.957 8 256 8zm0 110c23.196 0 42 18.804 42 42s-18.804 42-42 42-42-18.804-42-42 18.804-42 42-42zm56 254c0 6.627-5.373 12-12 12h-88c-6.627 0-12-5.373-12-12v-24c0-6.627 5.373-12 12-12h12v-64h-12c-6.627 0-12-5.373-12-12v-24c0-6.627 5.373-12 12-12h64c6.627 0 12 5.373 12 12v100h12c6.627 0 12 5.373 12 12v24z\"><\/path><\/svg>\t\t\t\t<\/span>\n\t\t\t<\/div>\n\t\t\t\n\t\t\t\t\t\t<div class=\"elementor-icon-box-content\">\n\n\t\t\t\t\t\t\t\t\t<h3 class=\"elementor-icon-box-title\">\n\t\t\t\t\t\t<span  >\n\t\t\t\t\t\t\tSchl\u00fcter's Gartentipp\t\t\t\t\t\t<\/span>\n\t\t\t\t\t<\/h3>\n\t\t\t\t\n\t\t\t\t\t\t\t\t\t<p class=\"elementor-icon-box-description\">\n\t\t\t\t\t\tDie abgeschnittenen, gesunden Triebe kannst du als Stecklinge verwenden, um neue Geranien zu ziehen. So lassen sich die Pflanzen einfach vermehren und im n\u00e4chsten Fr\u00fchjahr wieder auf Balkon oder Terrasse setzen.\t\t\t\t\t<\/p>\n\t\t\t\t\n\t\t\t<\/div>\n\t\t\t\n\t\t<\/div>\n\t\t\t\t\t\t<\/div>\n\t\t\t\t<\/div>\n\t\t\t\t<div class=\"elementor-element elementor-element-322cccb elementor-widget__width-initial elementor-widget elementor-widget-heading\" data-id=\"322cccb\" data-element_type=\"widget\" data-e-type=\"widget\" data-widget_type=\"heading.default\">\n\t\t\t\t<div class=\"elementor-widget-container\">\n\t\t\t\t\t<h2 class=\"elementor-heading-title elementor-size-default\">Nach dem R\u00fcckschnitt: Keine Sorge!<\/h2>\t\t\t\t<\/div>\n\t\t\t\t<\/div>\n\t\t\t\t<div class=\"elementor-element elementor-element-8ea9c1b elementor-widget elementor-widget-text-editor\" data-id=\"8ea9c1b\" data-element_type=\"widget\" data-e-type=\"widget\" data-widget_type=\"text-editor.default\">\n\t\t\t\t<div class=\"elementor-widget-container\">\n\t\t\t\t\t\t\t\t\t<p>Nach dem Zur\u00fcckschneiden sieht die Geranie oft etwas kahl und traurig aus \u2013 das ist ganz normal. Der R\u00fcckschnitt hilft ihr, gest\u00e4rkt in die n\u00e4chste Saison zu starten. Bis zum Fr\u00fchjahr treibt sie kr\u00e4ftig aus und bildet zahlreiche neue Bl\u00fcten.<\/p><p>Mit der richtigen Pflege und regelm\u00e4\u00dfigem R\u00fcckschnitt bleiben Geranien <strong>gesund, buschig und bl\u00fchfreudig<\/strong> \u2013 Jahr f\u00fcr Jahr.<\/p>\t\t\t\t\t\t\t\t<\/div>\n\t\t\t\t<\/div>\n\t\t\t\t<\/div>\n\t\t<div class=\"elementor-element elementor-element-89fa405 e-con-full e-flex e-con e-child\" data-id=\"89fa405\" data-element_type=\"container\" data-e-type=\"container\">\n\t\t\t\t<div class=\"elementor-element elementor-element-395cda3 elementor-widget__width-initial elementor-widget elementor-widget-heading\" data-id=\"395cda3\" data-element_type=\"widget\" data-e-type=\"widget\" data-widget_type=\"heading.default\">\n\t\t\t\t<div class=\"elementor-widget-container\">\n\t\t\t\t\t<h2 class=\"elementor-heading-title elementor-size-default\">Andere Sommerstauden shoppen<\/h2>\t\t\t\t<\/div>\n\t\t\t\t<\/div>\n\t\t\t\t<div class=\"elementor-element elementor-element-d521f39 elementor-widget elementor-widget-text-editor\" data-id=\"d521f39\" data-element_type=\"widget\" data-e-type=\"widget\" data-widget_type=\"text-editor.default\">\n\t\t\t\t<div class=\"elementor-widget-container\">\n\t\t\t\t\t\t\t\t\t<p><div class=\"sw-product-slider-container sw-product-slider-container-216ce2481503835399a1c08f7cd62a04715ea3aa\">\r\n    <div class=\"sw-product-slider sw-product-slider-216ce2481503835399a1c08f7cd62a04715ea3aa\">\r\n                    <div class=\"sw-product-slider-item\">\r\n                <div class=\"sw-product\">\r\n    <a class=\"sw-product-image\" href=\"https:\/\/www.garten-schlueter.de\/gruenblaettrige-segge-irish-green\/43900\">\r\n                    <img decoding=\"async\" src=\"https:\/\/www.garten-schlueter.de\/thumbnail\/07\/3d\/46\/1731521318\/43900-gruenblaettrige-segge-carex-morrowii-irish-green-01-jpg_400x400.jpg?ts=1731521319\" alt=\"Gr\u00fcnbl\u00e4ttrige Segge 'Irish Green'\">\r\n            <\/a>\r\n    <div class=\"sw-product-info\">\r\n        <a class=\"sw-product-name\" href=\"https:\/\/www.garten-schlueter.de\/gruenblaettrige-segge-irish-green\/43900\">\r\n            Gr\u00fcnbl\u00e4ttrige Segge &#8218;Irish Green&#8216;        <\/a>\r\n        <div class=\"sw-product-botanical-name\">\r\n                            Carex foliosissima &#8218;Irish Green&#8216;                    <\/div>\r\n        <div class=\"sw-product-price\">\r\n                                    4,99 \u20ac\r\n                    <\/div>\r\n        <a class=\"sw-product-btn btn btn-blue\" href=\"https:\/\/www.garten-schlueter.de\/gruenblaettrige-segge-irish-green\/43900\">\r\n            Details\r\n        <\/a>\r\n    <\/div>\r\n<\/div>            <\/div>\r\n                    <div class=\"sw-product-slider-item\">\r\n                <div class=\"sw-product\">\r\n    <a class=\"sw-product-image\" href=\"https:\/\/www.garten-schlueter.de\/kleines-pfeifengras-moorhexe\/44672\">\r\n                    <img decoding=\"async\" src=\"https:\/\/www.garten-schlueter.de\/thumbnail\/e2\/4b\/a9\/1731521920\/44672-kleines-pfeifengras-molinia-caerulea-moorhexe-c-green-solutions-01-web-jpg_400x400.jpg?ts=1731521921\" alt=\"Kleines Pfeifengras 'Moorhexe'\">\r\n            <\/a>\r\n    <div class=\"sw-product-info\">\r\n        <a class=\"sw-product-name\" href=\"https:\/\/www.garten-schlueter.de\/kleines-pfeifengras-moorhexe\/44672\">\r\n            Kleines Pfeifengras &#8218;Moorhexe&#8216;        <\/a>\r\n        <div class=\"sw-product-botanical-name\">\r\n                            Molinia caerulea &#8218;Moorhexe&#8216;                    <\/div>\r\n        <div class=\"sw-product-price\">\r\n                                    4,99 \u20ac\r\n                    <\/div>\r\n        <a class=\"sw-product-btn btn btn-blue\" href=\"https:\/\/www.garten-schlueter.de\/kleines-pfeifengras-moorhexe\/44672\">\r\n            Details\r\n        <\/a>\r\n    <\/div>\r\n<\/div>            <\/div>\r\n                    <div class=\"sw-product-slider-item\">\r\n                <div class=\"sw-product\">\r\n    <a class=\"sw-product-image\" href=\"https:\/\/www.garten-schlueter.de\/gruenblaettrige-segge-vanilla-ice\/43800\">\r\n                    <img decoding=\"async\" src=\"https:\/\/www.garten-schlueter.de\/thumbnail\/d6\/69\/9d\/1731521320\/43800-gruenblaettrige-segge-carex-foliosissima-vanilla-ice-zs-jpg_400x400.jpg?ts=1731521321\" alt=\"Gr\u00fcnbl\u00e4ttrige Segge 'Vanilla Ice'\">\r\n            <\/a>\r\n    <div class=\"sw-product-info\">\r\n        <a class=\"sw-product-name\" href=\"https:\/\/www.garten-schlueter.de\/gruenblaettrige-segge-vanilla-ice\/43800\">\r\n            Gr\u00fcnbl\u00e4ttrige Segge &#8218;Vanilla Ice&#8216;        <\/a>\r\n        <div class=\"sw-product-botanical-name\">\r\n                            Carex foliosissima &#8218;Vanilla Ice&#8216;                    <\/div>\r\n        <div class=\"sw-product-price\">\r\n                                    7,99 \u20ac\r\n                    <\/div>\r\n        <a class=\"sw-product-btn btn btn-blue\" href=\"https:\/\/www.garten-schlueter.de\/gruenblaettrige-segge-vanilla-ice\/43800\">\r\n            Details\r\n        <\/a>\r\n    <\/div>\r\n<\/div>            <\/div>\r\n                    <div class=\"sw-product-slider-item\">\r\n                <div class=\"sw-product\">\r\n    <a class=\"sw-product-image\" href=\"https:\/\/www.garten-schlueter.de\/niedrige-margerite-western-star\/41869\">\r\n                    <img decoding=\"async\" src=\"https:\/\/www.garten-schlueter.de\/thumbnail\/05\/c3\/52\/1731521779\/41869-niedrige-margerite-leucanthemum-max-western-star-c-floramedia-01-web-jpg_400x400.jpg?ts=1731521780\" alt=\"Niedrige Margerite 'Western Star'\">\r\n            <\/a>\r\n    <div class=\"sw-product-info\">\r\n        <a class=\"sw-product-name\" href=\"https:\/\/www.garten-schlueter.de\/niedrige-margerite-western-star\/41869\">\r\n            Niedrige Margerite &#8218;Western Star&#8216;        <\/a>\r\n        <div class=\"sw-product-botanical-name\">\r\n                            Leucanthem max. &#8218;Western Star&#8216;                    <\/div>\r\n        <div class=\"sw-product-price\">\r\n                                        ab\r\n                        5,51 \u20ac\r\n                    <\/div>\r\n        <a class=\"sw-product-btn btn btn-blue\" href=\"https:\/\/www.garten-schlueter.de\/niedrige-margerite-western-star\/41869\">\r\n            Details\r\n        <\/a>\r\n    <\/div>\r\n<\/div>            <\/div>\r\n                    <div class=\"sw-product-slider-item\">\r\n                <div class=\"sw-product\">\r\n    <a class=\"sw-product-image\" href=\"https:\/\/www.garten-schlueter.de\/kleines-pfeifengras-heidebraut\/44670\">\r\n                    <img decoding=\"async\" src=\"https:\/\/www.garten-schlueter.de\/thumbnail\/6a\/d9\/eb\/1731521919\/44670-kleines-pfeifengras-molinia-caerulea-heidebraut-c-green-solutions-01-web-jpg_400x400.jpg?ts=1731521920\" alt=\"Kleines Pfeifengras 'Heidebraut'\">\r\n            <\/a>\r\n    <div class=\"sw-product-info\">\r\n        <a class=\"sw-product-name\" href=\"https:\/\/www.garten-schlueter.de\/kleines-pfeifengras-heidebraut\/44670\">\r\n            Kleines Pfeifengras &#8218;Heidebraut&#8216;        <\/a>\r\n        <div class=\"sw-product-botanical-name\">\r\n                            Molinia caerulea &#8218;Heidebraut&#8216;                    <\/div>\r\n        <div class=\"sw-product-price\">\r\n                                    4,99 \u20ac\r\n                    <\/div>\r\n        <a class=\"sw-product-btn btn btn-blue\" href=\"https:\/\/www.garten-schlueter.de\/kleines-pfeifengras-heidebraut\/44670\">\r\n            Details\r\n        <\/a>\r\n    <\/div>\r\n<\/div>            <\/div>\r\n                    <div class=\"sw-product-slider-item\">\r\n                <div class=\"sw-product\">\r\n    <a class=\"sw-product-image\" href=\"https:\/\/www.garten-schlueter.de\/lampenputzergras-hameln-9-cm-topf\/43947\">\r\n                    <img decoding=\"async\" src=\"https:\/\/www.garten-schlueter.de\/thumbnail\/e7\/c0\/71\/1750755937\/3-pennisetum-alopecuroides-hameln-lampenputzergras-jpg_400x400.jpg?ts=1750755938\" alt=\"Lampenputzergras 'Hameln'\">\r\n            <\/a>\r\n    <div class=\"sw-product-info\">\r\n        <a class=\"sw-product-name\" href=\"https:\/\/www.garten-schlueter.de\/lampenputzergras-hameln-9-cm-topf\/43947\">\r\n            Lampenputzergras &#8218;Hameln&#8216;        <\/a>\r\n        <div class=\"sw-product-botanical-name\">\r\n                    <\/div>\r\n        <div class=\"sw-product-price\">\r\n                                        ab\r\n                        4,06 \u20ac\r\n                    <\/div>\r\n        <a class=\"sw-product-btn btn btn-blue\" href=\"https:\/\/www.garten-schlueter.de\/lampenputzergras-hameln-9-cm-topf\/43947\">\r\n            Details\r\n        <\/a>\r\n    <\/div>\r\n<\/div>            <\/div>\r\n                    <div class=\"sw-product-slider-item\">\r\n                <div class=\"sw-product\">\r\n    <a class=\"sw-product-image\" href=\"https:\/\/www.garten-schlueter.de\/asiatische-edel-pfingstrose-festiva-maxima\/44231\">\r\n                    <img decoding=\"async\" src=\"https:\/\/www.garten-schlueter.de\/thumbnail\/05\/bd\/6d\/1765455825\/1-44231-pfingstrose-festiva-maxima-jpg_400x400.jpg?ts=1765455846\" alt=\"Asiatische Edel-Pfingstrose 'Festiva Maxima'\">\r\n            <\/a>\r\n    <div class=\"sw-product-info\">\r\n        <a class=\"sw-product-name\" href=\"https:\/\/www.garten-schlueter.de\/asiatische-edel-pfingstrose-festiva-maxima\/44231\">\r\n            Asiatische Edel-Pfingstrose &#8218;Festiva Maxima&#8216;        <\/a>\r\n        <div class=\"sw-product-botanical-name\">\r\n                            Paeonia lactiflora &#8218;Festiva Maxima&#8216;                    <\/div>\r\n        <div class=\"sw-product-price\">\r\n                                        ab\r\n                        11,95 \u20ac\r\n                    <\/div>\r\n        <a class=\"sw-product-btn btn btn-blue\" href=\"https:\/\/www.garten-schlueter.de\/asiatische-edel-pfingstrose-festiva-maxima\/44231\">\r\n            Details\r\n        <\/a>\r\n    <\/div>\r\n<\/div>            <\/div>\r\n                    <div class=\"sw-product-slider-item\">\r\n                <div class=\"sw-product\">\r\n    <a class=\"sw-product-image\" href=\"https:\/\/www.garten-schlueter.de\/alpen-aster-alba\/46942\">\r\n                    <img decoding=\"async\" src=\"https:\/\/www.garten-schlueter.de\/thumbnail\/15\/e8\/84\/1731520302\/1-46942-alpen-aster-aster-alpinus_400x400.jpg?ts=1731520302\" alt=\"Alpen-Aster 'Alba'\">\r\n            <\/a>\r\n    <div class=\"sw-product-info\">\r\n        <a class=\"sw-product-name\" href=\"https:\/\/www.garten-schlueter.de\/alpen-aster-alba\/46942\">\r\n            Alpen-Aster &#8218;Alba&#8216;        <\/a>\r\n        <div class=\"sw-product-botanical-name\">\r\n                            Aster alpinus                    <\/div>\r\n        <div class=\"sw-product-price\">\r\n                                        ab\r\n                        3,82 \u20ac\r\n                    <\/div>\r\n        <a class=\"sw-product-btn btn btn-blue\" href=\"https:\/\/www.garten-schlueter.de\/alpen-aster-alba\/46942\">\r\n            Details\r\n        <\/a>\r\n    <\/div>\r\n<\/div>            <\/div>\r\n                    <div class=\"sw-product-slider-item\">\r\n                <div class=\"sw-product\">\r\n    <a class=\"sw-product-image\" href=\"https:\/\/www.garten-schlueter.de\/raublatt-aster-purple-dome\/46884\">\r\n                    <img decoding=\"async\" src=\"https:\/\/www.garten-schlueter.de\/thumbnail\/bd\/22\/50\/1731522323\/1-46884-raublattaster-purple-dome-jpg_400x400.jpg?ts=1731522323\" alt=\"Raublatt-Aster 'Purple Dome'\">\r\n            <\/a>\r\n    <div class=\"sw-product-info\">\r\n        <a class=\"sw-product-name\" href=\"https:\/\/www.garten-schlueter.de\/raublatt-aster-purple-dome\/46884\">\r\n            Raublatt-Aster &#8218;Purple Dome&#8216;        <\/a>\r\n        <div class=\"sw-product-botanical-name\">\r\n                            Aster novae-a. &#8218;Purple Dome&#8216;                    <\/div>\r\n        <div class=\"sw-product-price\">\r\n                                    5,49 \u20ac\r\n                    <\/div>\r\n        <a class=\"sw-product-btn btn btn-blue\" href=\"https:\/\/www.garten-schlueter.de\/raublatt-aster-purple-dome\/46884\">\r\n            Details\r\n        <\/a>\r\n    <\/div>\r\n<\/div>            <\/div>\r\n                    <div class=\"sw-product-slider-item\">\r\n                <div class=\"sw-product\">\r\n    <a class=\"sw-product-image\" href=\"https:\/\/www.garten-schlueter.de\/wiesen-margerite\/41365\">\r\n                    <img decoding=\"async\" src=\"https:\/\/www.garten-schlueter.de\/thumbnail\/55\/6b\/05\/1731520306\/1-41365-wiesen-margerite-chrysanthemum-leucanthemum_400x400.jpg?ts=1731520307\" alt=\"Wiesen-Margerite\">\r\n            <\/a>\r\n    <div class=\"sw-product-info\">\r\n        <a class=\"sw-product-name\" href=\"https:\/\/www.garten-schlueter.de\/wiesen-margerite\/41365\">\r\n            Wiesen-Margerite        <\/a>\r\n        <div class=\"sw-product-botanical-name\">\r\n                            Chrysanthemum leucanthemum (Leucanthemum vulgare)                    <\/div>\r\n        <div class=\"sw-product-price\">\r\n                                        ab\r\n                        3,41 \u20ac\r\n                    <\/div>\r\n        <a class=\"sw-product-btn btn btn-blue\" href=\"https:\/\/www.garten-schlueter.de\/wiesen-margerite\/41365\">\r\n            Details\r\n        <\/a>\r\n    <\/div>\r\n<\/div>            <\/div>\r\n                    <div class=\"sw-product-slider-item\">\r\n                <div class=\"sw-product\">\r\n    <a class=\"sw-product-image\" href=\"https:\/\/www.garten-schlueter.de\/glattblatt-aster-rosaperle\/42684\">\r\n                    <img decoding=\"async\" src=\"https:\/\/www.garten-schlueter.de\/thumbnail\/1f\/58\/b7\/1731522321\/1-41268-rosaperle-jpg_400x400.jpg?ts=1731522322\" alt=\"Glattblatt-Aster 'Rosaperle'\">\r\n            <\/a>\r\n    <div class=\"sw-product-info\">\r\n        <a class=\"sw-product-name\" href=\"https:\/\/www.garten-schlueter.de\/glattblatt-aster-rosaperle\/42684\">\r\n            Glattblatt-Aster &#8218;Rosaperle&#8216;        <\/a>\r\n        <div class=\"sw-product-botanical-name\">\r\n                            Aster novi-belgii &#8218;Rosaperle&#8216;                     <\/div>\r\n        <div class=\"sw-product-price\">\r\n                                    5,49 \u20ac\r\n                    <\/div>\r\n        <a class=\"sw-product-btn btn btn-blue\" href=\"https:\/\/www.garten-schlueter.de\/glattblatt-aster-rosaperle\/42684\">\r\n            Details\r\n        <\/a>\r\n    <\/div>\r\n<\/div>            <\/div>\r\n                    <div class=\"sw-product-slider-item\">\r\n                <div class=\"sw-product\">\r\n    <a class=\"sw-product-image\" href=\"https:\/\/www.garten-schlueter.de\/rosenduft-thymian-wine-roses\/46852\">\r\n                    <img decoding=\"async\" src=\"https:\/\/www.garten-schlueter.de\/thumbnail\/e7\/bb\/18\/1731519514\/1-46852-rosenthymian-wine-and-roses-jpg_400x400.jpg?ts=1754037305\" alt=\"Rosenduft-Thymian 'Wine &#038; Roses'\">\r\n            <\/a>\r\n    <div class=\"sw-product-info\">\r\n        <a class=\"sw-product-name\" href=\"https:\/\/www.garten-schlueter.de\/rosenduft-thymian-wine-roses\/46852\">\r\n            Rosenduft-Thymian &#8218;Wine &#038; Roses&#8216;        <\/a>\r\n        <div class=\"sw-product-botanical-name\">\r\n                            Thymus vulgaris\r\n                    <\/div>\r\n        <div class=\"sw-product-price\">\r\n                                        ab\r\n                        3,99 \u20ac\r\n                    <\/div>\r\n        <a class=\"sw-product-btn btn btn-blue\" href=\"https:\/\/www.garten-schlueter.de\/rosenduft-thymian-wine-roses\/46852\">\r\n            Details\r\n        <\/a>\r\n    <\/div>\r\n<\/div>            <\/div>\r\n                    <div class=\"sw-product-slider-item\">\r\n                <div class=\"sw-product\">\r\n    <a class=\"sw-product-image\" href=\"https:\/\/www.garten-schlueter.de\/asiatische-pfingstrose-felix-crousse\/42287\">\r\n                    <img decoding=\"async\" src=\"https:\/\/www.garten-schlueter.de\/thumbnail\/49\/e2\/d4\/1731522150\/1-42287-asiatische-pfingstrose-felix-crousse-jpg_400x400.jpg?ts=1731522150\" alt=\"Asiatische Pfingstrose 'Felix Crousse'\">\r\n            <\/a>\r\n    <div class=\"sw-product-info\">\r\n        <a class=\"sw-product-name\" href=\"https:\/\/www.garten-schlueter.de\/asiatische-pfingstrose-felix-crousse\/42287\">\r\n            Asiatische Pfingstrose &#8218;Felix Crousse&#8216;        <\/a>\r\n        <div class=\"sw-product-botanical-name\">\r\n                            Paeonia lactiflora &#8218;Felix Crousse&#8216;                    <\/div>\r\n        <div class=\"sw-product-price\">\r\n                                    12,99 \u20ac\r\n                    <\/div>\r\n        <a class=\"sw-product-btn btn btn-blue\" href=\"https:\/\/www.garten-schlueter.de\/asiatische-pfingstrose-felix-crousse\/42287\">\r\n            Details\r\n        <\/a>\r\n    <\/div>\r\n<\/div>            <\/div>\r\n                    <div class=\"sw-product-slider-item\">\r\n                <div class=\"sw-product\">\r\n    <a class=\"sw-product-image\" href=\"https:\/\/www.garten-schlueter.de\/ehrenpreis-first-love\/45215\">\r\n                    <img decoding=\"async\" src=\"https:\/\/www.garten-schlueter.de\/thumbnail\/26\/ea\/7f\/1765965351\/1-45215-ehrenpreis-first-love-jpg_400x400.jpg?ts=1765965367\" alt=\"Ehrenpreis 'First Love'\">\r\n            <\/a>\r\n    <div class=\"sw-product-info\">\r\n        <a class=\"sw-product-name\" href=\"https:\/\/www.garten-schlueter.de\/ehrenpreis-first-love\/45215\">\r\n            Ehrenpreis &#8218;First Love&#8216;        <\/a>\r\n        <div class=\"sw-product-botanical-name\">\r\n                            Veronica long. &#8218;First Love&#8216;                    <\/div>\r\n        <div class=\"sw-product-price\">\r\n                                    8,99 \u20ac\r\n                    <\/div>\r\n        <a class=\"sw-product-btn btn btn-blue\" href=\"https:\/\/www.garten-schlueter.de\/ehrenpreis-first-love\/45215\">\r\n            Details\r\n        <\/a>\r\n    <\/div>\r\n<\/div>            <\/div>\r\n                    <div class=\"sw-product-slider-item\">\r\n                <div class=\"sw-product\">\r\n    <a class=\"sw-product-image\" href=\"https:\/\/www.garten-schlueter.de\/raublatt-aster-herbstschnee\/46547\">\r\n                    <img decoding=\"async\" src=\"https:\/\/www.garten-schlueter.de\/thumbnail\/04\/12\/09\/1731522322\/1-46547-aster-herbstschnee-jpg_400x400.jpg?ts=1731522323\" alt=\"Raublatt-Aster 'Herbstschnee'\">\r\n            <\/a>\r\n    <div class=\"sw-product-info\">\r\n        <a class=\"sw-product-name\" href=\"https:\/\/www.garten-schlueter.de\/raublatt-aster-herbstschnee\/46547\">\r\n            Raublatt-Aster &#8218;Herbstschnee&#8216;        <\/a>\r\n        <div class=\"sw-product-botanical-name\">\r\n                            Aster novae-angliae &#8218;Herbstschnee&#8216;                    <\/div>\r\n        <div class=\"sw-product-price\">\r\n                                    5,49 \u20ac\r\n                    <\/div>\r\n        <a class=\"sw-product-btn btn btn-blue\" href=\"https:\/\/www.garten-schlueter.de\/raublatt-aster-herbstschnee\/46547\">\r\n            Details\r\n        <\/a>\r\n    <\/div>\r\n<\/div>            <\/div>\r\n                    <div class=\"sw-product-slider-item\">\r\n                <div class=\"sw-product\">\r\n    <a class=\"sw-product-image\" href=\"https:\/\/www.garten-schlueter.de\/kissen-aster-blue-lapis\/35565\">\r\n                    <img decoding=\"async\" src=\"https:\/\/www.garten-schlueter.de\/thumbnail\/e6\/23\/0d\/1768565680\/1-35565-kissen-aster-blue-lapis-jpg_400x400.jpg?ts=1768565680\" alt=\"Kissen-Aster 'Blue Lapis'\">\r\n            <\/a>\r\n    <div class=\"sw-product-info\">\r\n        <a class=\"sw-product-name\" href=\"https:\/\/www.garten-schlueter.de\/kissen-aster-blue-lapis\/35565\">\r\n            Kissen-Aster &#8218;Blue Lapis&#8216;        <\/a>\r\n        <div class=\"sw-product-botanical-name\">\r\n                            Aster dumosus &#8218;Blue Lapis&#8216;                    <\/div>\r\n        <div class=\"sw-product-price\">\r\n                                    12,99 \u20ac\r\n                    <\/div>\r\n        <a class=\"sw-product-btn btn btn-blue\" href=\"https:\/\/www.garten-schlueter.de\/kissen-aster-blue-lapis\/35565\">\r\n            Details\r\n        <\/a>\r\n    <\/div>\r\n<\/div>            <\/div>\r\n                    <div class=\"sw-product-slider-item\">\r\n                <div class=\"sw-product\">\r\n    <a class=\"sw-product-image\" href=\"https:\/\/www.garten-schlueter.de\/kleines-pfeifengras-moorflamme\/44671\">\r\n                    <img decoding=\"async\" src=\"https:\/\/www.garten-schlueter.de\/thumbnail\/1f\/10\/f0\/1770115932\/1-44671-kleines-pfeifengras-moorflamme-jpg_400x400.jpg?ts=1770115933\" alt=\"Kleines Pfeifengras 'Moorflamme'\">\r\n            <\/a>\r\n    <div class=\"sw-product-info\">\r\n        <a class=\"sw-product-name\" href=\"https:\/\/www.garten-schlueter.de\/kleines-pfeifengras-moorflamme\/44671\">\r\n            Kleines Pfeifengras &#8218;Moorflamme&#8216;        <\/a>\r\n        <div class=\"sw-product-botanical-name\">\r\n                            Molinia caerulea &#8218;Moorflamme&#8216;                    <\/div>\r\n        <div class=\"sw-product-price\">\r\n                                    4,99 \u20ac\r\n                    <\/div>\r\n        <a class=\"sw-product-btn btn btn-blue\" href=\"https:\/\/www.garten-schlueter.de\/kleines-pfeifengras-moorflamme\/44671\">\r\n            Details\r\n        <\/a>\r\n    <\/div>\r\n<\/div>            <\/div>\r\n                    <div class=\"sw-product-slider-item\">\r\n                <div class=\"sw-product\">\r\n    <a class=\"sw-product-image\" href=\"https:\/\/www.garten-schlueter.de\/gartenthymian-duftkissen\/42145\">\r\n                    <img decoding=\"async\" src=\"https:\/\/www.garten-schlueter.de\/thumbnail\/2a\/0c\/f7\/1731519496\/1-42145-gartenthymian-duftkissen-thymus-vulgaris_400x400.jpg?ts=1731519496\" alt=\"Gartenthymian 'Duftkissen'\">\r\n            <\/a>\r\n    <div class=\"sw-product-info\">\r\n        <a class=\"sw-product-name\" href=\"https:\/\/www.garten-schlueter.de\/gartenthymian-duftkissen\/42145\">\r\n            Gartenthymian &#8218;Duftkissen&#8216;        <\/a>\r\n        <div class=\"sw-product-botanical-name\">\r\n                            Thymus vulgaris\r\n                    <\/div>\r\n        <div class=\"sw-product-price\">\r\n                                        ab\r\n                        4,50 \u20ac\r\n                    <\/div>\r\n        <a class=\"sw-product-btn btn btn-blue\" href=\"https:\/\/www.garten-schlueter.de\/gartenthymian-duftkissen\/42145\">\r\n            Details\r\n        <\/a>\r\n    <\/div>\r\n<\/div>            <\/div>\r\n                    <div class=\"sw-product-slider-item\">\r\n                <div class=\"sw-product\">\r\n    <a class=\"sw-product-image\" href=\"https:\/\/www.garten-schlueter.de\/edel-pfingstrose-do-tell\/42264\">\r\n                    <img decoding=\"async\" src=\"https:\/\/www.garten-schlueter.de\/thumbnail\/51\/ab\/d6\/1768554241\/1-42264-edel-pfingstrose-do-tell-jpg_400x400.jpg?ts=1768554242\" alt=\"Edel-Pfingstrose 'Do Tell'\">\r\n            <\/a>\r\n    <div class=\"sw-product-info\">\r\n        <a class=\"sw-product-name\" href=\"https:\/\/www.garten-schlueter.de\/edel-pfingstrose-do-tell\/42264\">\r\n            Edel-Pfingstrose &#8218;Do Tell&#8216;        <\/a>\r\n        <div class=\"sw-product-botanical-name\">\r\n                            Paeonia lactiflora &#8218;Do Tell&#8216;                    <\/div>\r\n        <div class=\"sw-product-price\">\r\n                                    24,99 \u20ac\r\n                    <\/div>\r\n        <a class=\"sw-product-btn btn btn-blue\" href=\"https:\/\/www.garten-schlueter.de\/edel-pfingstrose-do-tell\/42264\">\r\n            Details\r\n        <\/a>\r\n    <\/div>\r\n<\/div>            <\/div>\r\n                    <div class=\"sw-product-slider-item\">\r\n                <div class=\"sw-product\">\r\n    <a class=\"sw-product-image\" href=\"https:\/\/www.garten-schlueter.de\/schopfiger-thymian-doone-valley\/42156\">\r\n                    <img decoding=\"async\" src=\"https:\/\/www.garten-schlueter.de\/thumbnail\/d9\/dd\/ea\/1731520297\/1-42156-schopfiger-thymian-doone-valley_400x400.jpg?ts=1731520297\" alt=\"Schopfiger Thymian 'Doone Valley'\">\r\n            <\/a>\r\n    <div class=\"sw-product-info\">\r\n        <a class=\"sw-product-name\" href=\"https:\/\/www.garten-schlueter.de\/schopfiger-thymian-doone-valley\/42156\">\r\n            Schopfiger Thymian &#8218;Doone Valley&#8216;        <\/a>\r\n        <div class=\"sw-product-botanical-name\">\r\n                            Thymus citriodorus &#8218;Doone Valley&#8216;\r\n                    <\/div>\r\n        <div class=\"sw-product-price\">\r\n                                        ab\r\n                        4,24 \u20ac\r\n                    <\/div>\r\n        <a class=\"sw-product-btn btn btn-blue\" href=\"https:\/\/www.garten-schlueter.de\/schopfiger-thymian-doone-valley\/42156\">\r\n            Details\r\n        <\/a>\r\n    <\/div>\r\n<\/div>            <\/div>\r\n            <\/div>\r\n    <div class=\"sw-product-slider-controls sw-product-slider-controls-216ce2481503835399a1c08f7cd62a04715ea3aa\">\r\n        <button class=\"sw-product-slider-controls-prev\">\r\n            <svg xmlns=\"http:\/\/www.w3.org\/2000\/svg\" xmlns:xlink=\"http:\/\/www.w3.org\/1999\/xlink\" width=\"16\" height=\"16\" viewBox=\"0 0 16 16\"><defs><path id=\"icons-solid-arrow-large-left\" d=\"M2.7071 4.2929c-.3905-.3905-1.0237-.3905-1.4142 0-.3905.3905-.3905 1.0237 0 1.4142l6 6c.3905.3905 1.0237.3905 1.4142 0l6-6c.3905-.3905.3905-1.0237 0-1.4142-.3905-.3905-1.0237-.3905-1.4142 0L8 9.5858l-5.2929-5.293z\" \/><\/defs><use transform=\"matrix(0 -1 -1 0 16 16)\" xlink:href=\"#icons-solid-arrow-large-left\" fill=\"#FFFFFF\" fill-rule=\"evenodd\" \/><\/svg>        <\/button>\r\n        <button class=\"sw-product-slider-controls-next\">\r\n            <svg xmlns=\"http:\/\/www.w3.org\/2000\/svg\" xmlns:xlink=\"http:\/\/www.w3.org\/1999\/xlink\" width=\"16\" height=\"16\" viewBox=\"0 0 16 16\"><defs><path id=\"icons-solid-arrow-large-right\" d=\"M2.7071 4.2929c-.3905-.3905-1.0237-.3905-1.4142 0-.3905.3905-.3905 1.0237 0 1.4142l6 6c.3905.3905 1.0237.3905 1.4142 0l6-6c.3905-.3905.3905-1.0237 0-1.4142-.3905-.3905-1.0237-.3905-1.4142 0L8 9.5858l-5.2929-5.293z\" \/><\/defs><use transform=\"matrix(0 1 1 0 0 0)\" xlink:href=\"#icons-solid-arrow-large-right\" fill=\"#FFFFFF\" fill-rule=\"evenodd\" \/><\/svg>        <\/button>\r\n    <\/div>\r\n<\/div>\r\n\r\n<script>\r\n    var slider = tns({\r\n        container: '.sw-product-slider-216ce2481503835399a1c08f7cd62a04715ea3aa',\r\n        controlsContainer: '.sw-product-slider-controls-216ce2481503835399a1c08f7cd62a04715ea3aa',\r\n        prevButton: '.sw-product-slider-controls-216ce2481503835399a1c08f7cd62a04715ea3aa .sw-product-slider-controls-prev',\r\n        nextButton: '.sw-product-slider-controls-216ce2481503835399a1c08f7cd62a04715ea3aa .sw-product-slider-controls-next',\r\n        items: 2,\r\n        gutter: 20,\r\n        nav: false,\r\n        responsive: {\r\n            570: {\r\n                items: 3\r\n            },\r\n            992: {\r\n                items: 4\r\n            },\r\n            1200: {\r\n                items: 5\r\n            },\r\n            1400: {\r\n                items: 6\r\n            }\r\n        }\r\n    });\r\n<\/script>\r\n\r\n\r\n<\/p>\t\t\t\t\t\t\t\t<\/div>\n\t\t\t\t<\/div>\n\t\t\t\t<\/div>\n\t\t\t\t\t<\/div>\n\t\t\t\t<\/div>\n\t\t<div class=\"elementor-element elementor-element-17c0e48b e-flex e-con-boxed e-con e-parent\" data-id=\"17c0e48b\" data-element_type=\"container\" data-e-type=\"container\">\n\t\t\t\t\t<div class=\"e-con-inner\">\n\t\t\t\t<div class=\"elementor-element elementor-element-249892b0 elementor-widget elementor-widget-heading\" data-id=\"249892b0\" data-element_type=\"widget\" data-e-type=\"widget\" data-widget_type=\"heading.default\">\n\t\t\t\t<div class=\"elementor-widget-container\">\n\t\t\t\t\t<h2 class=\"elementor-heading-title elementor-size-default\">Community<\/h2>\t\t\t\t<\/div>\n\t\t\t\t<\/div>\n\t\t\t\t<div class=\"elementor-element elementor-element-c7fa84f elementor-widget elementor-widget-image\" data-id=\"c7fa84f\" data-element_type=\"widget\" data-e-type=\"widget\" data-widget_type=\"image.default\">\n\t\t\t\t<div class=\"elementor-widget-container\">\n\t\t\t\t\t\t\t\t\t\t\t\t\t\t\t<img decoding=\"async\" width=\"800\" height=\"294\" src=\"https:\/\/www.garten-schlueter.de\/blog\/wp-content\/uploads\/community.jpg\" class=\"attachment-large size-large wp-image-6785\" alt=\"G\u00e4rtner mit Schaufel\" srcset=\"https:\/\/www.garten-schlueter.de\/blog\/wp-content\/uploads\/community.jpg 1000w, https:\/\/www.garten-schlueter.de\/blog\/wp-content\/uploads\/community-300x110.jpg 300w, https:\/\/www.garten-schlueter.de\/blog\/wp-content\/uploads\/community-768x283.jpg 768w\" sizes=\"(max-width: 800px) 100vw, 800px\" \/>\t\t\t\t\t\t\t\t\t\t\t\t\t\t\t<\/div>\n\t\t\t\t<\/div>\n\t\t\t\t\t<\/div>\n\t\t\t\t<\/div>\n\t\t\t\t<\/div>\n\t\t","protected":false},"excerpt":{"rendered":"<p>Geranien sind mehrj\u00e4hrige Pflanzen und profitieren von einem gezielten R\u00fcckschnitt. Erfahre, wann und wie du sie schneidest, damit sie gesund und bl\u00fchfreudig bleiben.<\/p>\n","protected":false},"author":5,"featured_media":6955,"comment_status":"open","ping_status":"open","sticky":false,"template":"","format":"standard","meta":{"footnotes":""},"categories":[11],"tags":[],"class_list":["post-6948","post","type-post","status-publish","format-standard","has-post-thumbnail","hentry","category-stauden"],"yoast_head":"<!-- This site is optimized with the Yoast SEO plugin v27.3 - https:\/\/yoast.com\/product\/yoast-seo-wordpress\/ -->\n<title>Geranien richtig schneiden - Garten Schl\u00fcter<\/title>\n<meta name=\"robots\" content=\"index, follow, max-snippet:-1, max-image-preview:large, max-video-preview:-1\" \/>\n<link rel=\"canonical\" href=\"https:\/\/www.garten-schlueter.de\/blog\/geranien-richtig-schneiden\/\" \/>\n<meta property=\"og:locale\" content=\"de_DE\" \/>\n<meta property=\"og:type\" content=\"article\" \/>\n<meta property=\"og:title\" content=\"Geranien richtig schneiden - Garten Schl\u00fcter\" \/>\n<meta property=\"og:description\" content=\"Geranien sind mehrj\u00e4hrige Pflanzen und profitieren von einem gezielten R\u00fcckschnitt. Erfahre, wann und wie du sie schneidest, damit sie gesund und bl\u00fchfreudig bleiben.\" \/>\n<meta property=\"og:url\" content=\"https:\/\/www.garten-schlueter.de\/blog\/geranien-richtig-schneiden\/\" \/>\n<meta property=\"og:site_name\" content=\"Garten Schl\u00fcter\" \/>\n<meta property=\"article:published_time\" content=\"2025-01-30T10:19:34+00:00\" \/>\n<meta property=\"article:modified_time\" content=\"2025-01-30T10:24:59+00:00\" \/>\n<meta property=\"og:image\" content=\"https:\/\/www.garten-schlueter.de\/blog\/wp-content\/uploads\/vorschau-9.jpg\" \/>\n\t<meta property=\"og:image:width\" content=\"1000\" \/>\n\t<meta property=\"og:image:height\" content=\"600\" \/>\n\t<meta property=\"og:image:type\" content=\"image\/jpeg\" \/>\n<meta name=\"author\" content=\"Garten Schl\u00fcter Team\" \/>\n<meta name=\"twitter:card\" content=\"summary_large_image\" \/>\n<meta name=\"twitter:label1\" content=\"Verfasst von\" \/>\n\t<meta name=\"twitter:data1\" content=\"Garten Schl\u00fcter Team\" \/>\n\t<meta name=\"twitter:label2\" content=\"Gesch\u00e4tzte Lesezeit\" \/>\n\t<meta name=\"twitter:data2\" content=\"4\u00a0Minuten\" \/>\n<script type=\"application\/ld+json\" class=\"yoast-schema-graph\">{\"@context\":\"https:\\\/\\\/schema.org\",\"@graph\":[{\"@type\":\"Article\",\"@id\":\"https:\\\/\\\/www.garten-schlueter.de\\\/blog\\\/geranien-richtig-schneiden\\\/#article\",\"isPartOf\":{\"@id\":\"https:\\\/\\\/www.garten-schlueter.de\\\/blog\\\/geranien-richtig-schneiden\\\/\"},\"author\":{\"name\":\"Garten Schl\u00fcter Team\",\"@id\":\"https:\\\/\\\/www.garten-schlueter.de\\\/blog\\\/#\\\/schema\\\/person\\\/d5ce46fd02aa27b9b9e8a1d02d8e0d2f\"},\"headline\":\"Geranien richtig schneiden\",\"datePublished\":\"2025-01-30T10:19:34+00:00\",\"dateModified\":\"2025-01-30T10:24:59+00:00\",\"mainEntityOfPage\":{\"@id\":\"https:\\\/\\\/www.garten-schlueter.de\\\/blog\\\/geranien-richtig-schneiden\\\/\"},\"wordCount\":623,\"commentCount\":2,\"publisher\":{\"@id\":\"https:\\\/\\\/www.garten-schlueter.de\\\/blog\\\/#organization\"},\"image\":{\"@id\":\"https:\\\/\\\/www.garten-schlueter.de\\\/blog\\\/geranien-richtig-schneiden\\\/#primaryimage\"},\"thumbnailUrl\":\"https:\\\/\\\/www.garten-schlueter.de\\\/blog\\\/wp-content\\\/uploads\\\/vorschau-9.jpg\",\"articleSection\":[\"Stauden\"],\"inLanguage\":\"de\",\"potentialAction\":[{\"@type\":\"CommentAction\",\"name\":\"Comment\",\"target\":[\"https:\\\/\\\/www.garten-schlueter.de\\\/blog\\\/geranien-richtig-schneiden\\\/#respond\"]}]},{\"@type\":\"WebPage\",\"@id\":\"https:\\\/\\\/www.garten-schlueter.de\\\/blog\\\/geranien-richtig-schneiden\\\/\",\"url\":\"https:\\\/\\\/www.garten-schlueter.de\\\/blog\\\/geranien-richtig-schneiden\\\/\",\"name\":\"Geranien richtig schneiden - Garten Schl\u00fcter\",\"isPartOf\":{\"@id\":\"https:\\\/\\\/www.garten-schlueter.de\\\/blog\\\/#website\"},\"primaryImageOfPage\":{\"@id\":\"https:\\\/\\\/www.garten-schlueter.de\\\/blog\\\/geranien-richtig-schneiden\\\/#primaryimage\"},\"image\":{\"@id\":\"https:\\\/\\\/www.garten-schlueter.de\\\/blog\\\/geranien-richtig-schneiden\\\/#primaryimage\"},\"thumbnailUrl\":\"https:\\\/\\\/www.garten-schlueter.de\\\/blog\\\/wp-content\\\/uploads\\\/vorschau-9.jpg\",\"datePublished\":\"2025-01-30T10:19:34+00:00\",\"dateModified\":\"2025-01-30T10:24:59+00:00\",\"breadcrumb\":{\"@id\":\"https:\\\/\\\/www.garten-schlueter.de\\\/blog\\\/geranien-richtig-schneiden\\\/#breadcrumb\"},\"inLanguage\":\"de\",\"potentialAction\":[{\"@type\":\"ReadAction\",\"target\":[\"https:\\\/\\\/www.garten-schlueter.de\\\/blog\\\/geranien-richtig-schneiden\\\/\"]}]},{\"@type\":\"ImageObject\",\"inLanguage\":\"de\",\"@id\":\"https:\\\/\\\/www.garten-schlueter.de\\\/blog\\\/geranien-richtig-schneiden\\\/#primaryimage\",\"url\":\"https:\\\/\\\/www.garten-schlueter.de\\\/blog\\\/wp-content\\\/uploads\\\/vorschau-9.jpg\",\"contentUrl\":\"https:\\\/\\\/www.garten-schlueter.de\\\/blog\\\/wp-content\\\/uploads\\\/vorschau-9.jpg\",\"width\":1000,\"height\":600},{\"@type\":\"BreadcrumbList\",\"@id\":\"https:\\\/\\\/www.garten-schlueter.de\\\/blog\\\/geranien-richtig-schneiden\\\/#breadcrumb\",\"itemListElement\":[{\"@type\":\"ListItem\",\"position\":1,\"name\":\"Startseite\",\"item\":\"https:\\\/\\\/www.garten-schlueter.de\\\/blog\\\/\"},{\"@type\":\"ListItem\",\"position\":2,\"name\":\"Geranien richtig schneiden\"}]},{\"@type\":\"WebSite\",\"@id\":\"https:\\\/\\\/www.garten-schlueter.de\\\/blog\\\/#website\",\"url\":\"https:\\\/\\\/www.garten-schlueter.de\\\/blog\\\/\",\"name\":\"Garten Schl\u00fcter\",\"description\":\"\",\"publisher\":{\"@id\":\"https:\\\/\\\/www.garten-schlueter.de\\\/blog\\\/#organization\"},\"potentialAction\":[{\"@type\":\"SearchAction\",\"target\":{\"@type\":\"EntryPoint\",\"urlTemplate\":\"https:\\\/\\\/www.garten-schlueter.de\\\/blog\\\/?s={search_term_string}\"},\"query-input\":{\"@type\":\"PropertyValueSpecification\",\"valueRequired\":true,\"valueName\":\"search_term_string\"}}],\"inLanguage\":\"de\"},{\"@type\":\"Organization\",\"@id\":\"https:\\\/\\\/www.garten-schlueter.de\\\/blog\\\/#organization\",\"name\":\"Garten Schl\u00fcter\",\"url\":\"https:\\\/\\\/www.garten-schlueter.de\\\/blog\\\/\",\"logo\":{\"@type\":\"ImageObject\",\"inLanguage\":\"de\",\"@id\":\"https:\\\/\\\/www.garten-schlueter.de\\\/blog\\\/#\\\/schema\\\/logo\\\/image\\\/\",\"url\":\"https:\\\/\\\/www.garten-schlueter.de\\\/blog\\\/wp-content\\\/uploads\\\/garten-schlueter-100.svg\",\"contentUrl\":\"https:\\\/\\\/www.garten-schlueter.de\\\/blog\\\/wp-content\\\/uploads\\\/garten-schlueter-100.svg\",\"width\":507,\"height\":105,\"caption\":\"Garten Schl\u00fcter\"},\"image\":{\"@id\":\"https:\\\/\\\/www.garten-schlueter.de\\\/blog\\\/#\\\/schema\\\/logo\\\/image\\\/\"}},{\"@type\":\"Person\",\"@id\":\"https:\\\/\\\/www.garten-schlueter.de\\\/blog\\\/#\\\/schema\\\/person\\\/d5ce46fd02aa27b9b9e8a1d02d8e0d2f\",\"name\":\"Garten Schl\u00fcter Team\",\"image\":{\"@type\":\"ImageObject\",\"inLanguage\":\"de\",\"@id\":\"https:\\\/\\\/secure.gravatar.com\\\/avatar\\\/4788f42ff63ca55e296b0675613fda07efb5aa453feebb313a0c6c0484345971?s=96&d=mm&r=g\",\"url\":\"https:\\\/\\\/secure.gravatar.com\\\/avatar\\\/4788f42ff63ca55e296b0675613fda07efb5aa453feebb313a0c6c0484345971?s=96&d=mm&r=g\",\"contentUrl\":\"https:\\\/\\\/secure.gravatar.com\\\/avatar\\\/4788f42ff63ca55e296b0675613fda07efb5aa453feebb313a0c6c0484345971?s=96&d=mm&r=g\",\"caption\":\"Garten Schl\u00fcter Team\"}}]}<\/script>\n<!-- \/ Yoast SEO plugin. -->","yoast_head_json":{"title":"Geranien richtig schneiden - Garten Schl\u00fcter","robots":{"index":"index","follow":"follow","max-snippet":"max-snippet:-1","max-image-preview":"max-image-preview:large","max-video-preview":"max-video-preview:-1"},"canonical":"https:\/\/www.garten-schlueter.de\/blog\/geranien-richtig-schneiden\/","og_locale":"de_DE","og_type":"article","og_title":"Geranien richtig schneiden - Garten Schl\u00fcter","og_description":"Geranien sind mehrj\u00e4hrige Pflanzen und profitieren von einem gezielten R\u00fcckschnitt. Erfahre, wann und wie du sie schneidest, damit sie gesund und bl\u00fchfreudig bleiben.","og_url":"https:\/\/www.garten-schlueter.de\/blog\/geranien-richtig-schneiden\/","og_site_name":"Garten Schl\u00fcter","article_published_time":"2025-01-30T10:19:34+00:00","article_modified_time":"2025-01-30T10:24:59+00:00","og_image":[{"width":1000,"height":600,"url":"https:\/\/www.garten-schlueter.de\/blog\/wp-content\/uploads\/vorschau-9.jpg","type":"image\/jpeg"}],"author":"Garten Schl\u00fcter Team","twitter_card":"summary_large_image","twitter_misc":{"Verfasst von":"Garten Schl\u00fcter Team","Gesch\u00e4tzte Lesezeit":"4\u00a0Minuten"},"schema":{"@context":"https:\/\/schema.org","@graph":[{"@type":"Article","@id":"https:\/\/www.garten-schlueter.de\/blog\/geranien-richtig-schneiden\/#article","isPartOf":{"@id":"https:\/\/www.garten-schlueter.de\/blog\/geranien-richtig-schneiden\/"},"author":{"name":"Garten Schl\u00fcter Team","@id":"https:\/\/www.garten-schlueter.de\/blog\/#\/schema\/person\/d5ce46fd02aa27b9b9e8a1d02d8e0d2f"},"headline":"Geranien richtig schneiden","datePublished":"2025-01-30T10:19:34+00:00","dateModified":"2025-01-30T10:24:59+00:00","mainEntityOfPage":{"@id":"https:\/\/www.garten-schlueter.de\/blog\/geranien-richtig-schneiden\/"},"wordCount":623,"commentCount":2,"publisher":{"@id":"https:\/\/www.garten-schlueter.de\/blog\/#organization"},"image":{"@id":"https:\/\/www.garten-schlueter.de\/blog\/geranien-richtig-schneiden\/#primaryimage"},"thumbnailUrl":"https:\/\/www.garten-schlueter.de\/blog\/wp-content\/uploads\/vorschau-9.jpg","articleSection":["Stauden"],"inLanguage":"de","potentialAction":[{"@type":"CommentAction","name":"Comment","target":["https:\/\/www.garten-schlueter.de\/blog\/geranien-richtig-schneiden\/#respond"]}]},{"@type":"WebPage","@id":"https:\/\/www.garten-schlueter.de\/blog\/geranien-richtig-schneiden\/","url":"https:\/\/www.garten-schlueter.de\/blog\/geranien-richtig-schneiden\/","name":"Geranien richtig schneiden - Garten Schl\u00fcter","isPartOf":{"@id":"https:\/\/www.garten-schlueter.de\/blog\/#website"},"primaryImageOfPage":{"@id":"https:\/\/www.garten-schlueter.de\/blog\/geranien-richtig-schneiden\/#primaryimage"},"image":{"@id":"https:\/\/www.garten-schlueter.de\/blog\/geranien-richtig-schneiden\/#primaryimage"},"thumbnailUrl":"https:\/\/www.garten-schlueter.de\/blog\/wp-content\/uploads\/vorschau-9.jpg","datePublished":"2025-01-30T10:19:34+00:00","dateModified":"2025-01-30T10:24:59+00:00","breadcrumb":{"@id":"https:\/\/www.garten-schlueter.de\/blog\/geranien-richtig-schneiden\/#breadcrumb"},"inLanguage":"de","potentialAction":[{"@type":"ReadAction","target":["https:\/\/www.garten-schlueter.de\/blog\/geranien-richtig-schneiden\/"]}]},{"@type":"ImageObject","inLanguage":"de","@id":"https:\/\/www.garten-schlueter.de\/blog\/geranien-richtig-schneiden\/#primaryimage","url":"https:\/\/www.garten-schlueter.de\/blog\/wp-content\/uploads\/vorschau-9.jpg","contentUrl":"https:\/\/www.garten-schlueter.de\/blog\/wp-content\/uploads\/vorschau-9.jpg","width":1000,"height":600},{"@type":"BreadcrumbList","@id":"https:\/\/www.garten-schlueter.de\/blog\/geranien-richtig-schneiden\/#breadcrumb","itemListElement":[{"@type":"ListItem","position":1,"name":"Startseite","item":"https:\/\/www.garten-schlueter.de\/blog\/"},{"@type":"ListItem","position":2,"name":"Geranien richtig schneiden"}]},{"@type":"WebSite","@id":"https:\/\/www.garten-schlueter.de\/blog\/#website","url":"https:\/\/www.garten-schlueter.de\/blog\/","name":"Garten Schl\u00fcter","description":"","publisher":{"@id":"https:\/\/www.garten-schlueter.de\/blog\/#organization"},"potentialAction":[{"@type":"SearchAction","target":{"@type":"EntryPoint","urlTemplate":"https:\/\/www.garten-schlueter.de\/blog\/?s={search_term_string}"},"query-input":{"@type":"PropertyValueSpecification","valueRequired":true,"valueName":"search_term_string"}}],"inLanguage":"de"},{"@type":"Organization","@id":"https:\/\/www.garten-schlueter.de\/blog\/#organization","name":"Garten Schl\u00fcter","url":"https:\/\/www.garten-schlueter.de\/blog\/","logo":{"@type":"ImageObject","inLanguage":"de","@id":"https:\/\/www.garten-schlueter.de\/blog\/#\/schema\/logo\/image\/","url":"https:\/\/www.garten-schlueter.de\/blog\/wp-content\/uploads\/garten-schlueter-100.svg","contentUrl":"https:\/\/www.garten-schlueter.de\/blog\/wp-content\/uploads\/garten-schlueter-100.svg","width":507,"height":105,"caption":"Garten Schl\u00fcter"},"image":{"@id":"https:\/\/www.garten-schlueter.de\/blog\/#\/schema\/logo\/image\/"}},{"@type":"Person","@id":"https:\/\/www.garten-schlueter.de\/blog\/#\/schema\/person\/d5ce46fd02aa27b9b9e8a1d02d8e0d2f","name":"Garten Schl\u00fcter Team","image":{"@type":"ImageObject","inLanguage":"de","@id":"https:\/\/secure.gravatar.com\/avatar\/4788f42ff63ca55e296b0675613fda07efb5aa453feebb313a0c6c0484345971?s=96&d=mm&r=g","url":"https:\/\/secure.gravatar.com\/avatar\/4788f42ff63ca55e296b0675613fda07efb5aa453feebb313a0c6c0484345971?s=96&d=mm&r=g","contentUrl":"https:\/\/secure.gravatar.com\/avatar\/4788f42ff63ca55e296b0675613fda07efb5aa453feebb313a0c6c0484345971?s=96&d=mm&r=g","caption":"Garten Schl\u00fcter Team"}}]}},"_links":{"self":[{"href":"https:\/\/www.garten-schlueter.de\/blog\/wp-json\/wp\/v2\/posts\/6948","targetHints":{"allow":["GET"]}}],"collection":[{"href":"https:\/\/www.garten-schlueter.de\/blog\/wp-json\/wp\/v2\/posts"}],"about":[{"href":"https:\/\/www.garten-schlueter.de\/blog\/wp-json\/wp\/v2\/types\/post"}],"author":[{"embeddable":true,"href":"https:\/\/www.garten-schlueter.de\/blog\/wp-json\/wp\/v2\/users\/5"}],"replies":[{"embeddable":true,"href":"https:\/\/www.garten-schlueter.de\/blog\/wp-json\/wp\/v2\/comments?post=6948"}],"version-history":[{"count":7,"href":"https:\/\/www.garten-schlueter.de\/blog\/wp-json\/wp\/v2\/posts\/6948\/revisions"}],"predecessor-version":[{"id":6958,"href":"https:\/\/www.garten-schlueter.de\/blog\/wp-json\/wp\/v2\/posts\/6948\/revisions\/6958"}],"wp:featuredmedia":[{"embeddable":true,"href":"https:\/\/www.garten-schlueter.de\/blog\/wp-json\/wp\/v2\/media\/6955"}],"wp:attachment":[{"href":"https:\/\/www.garten-schlueter.de\/blog\/wp-json\/wp\/v2\/media?parent=6948"}],"wp:term":[{"taxonomy":"category","embeddable":true,"href":"https:\/\/www.garten-schlueter.de\/blog\/wp-json\/wp\/v2\/categories?post=6948"},{"taxonomy":"post_tag","embeddable":true,"href":"https:\/\/www.garten-schlueter.de\/blog\/wp-json\/wp\/v2\/tags?post=6948"}],"curies":[{"name":"wp","href":"https:\/\/api.w.org\/{rel}","templated":true}]}}